{"id":11342,"date":"2020-04-23T21:07:57","date_gmt":"2020-04-23T21:07:57","guid":{"rendered":"https:\/\/www.radiopresidenteibanez.cl\/web\/?p=11342"},"modified":"2020-04-23T21:09:07","modified_gmt":"2020-04-23T21:09:07","slug":"a-traves-de-reuniones-virtuales-la-seremi-de-gobierno-mantiene-permanente-comunicacion-con-los-dirigentes-sociales","status":"publish","type":"post","link":"https:\/\/www.radiopresidenteibanez.cl\/web\/a-traves-de-reuniones-virtuales-la-seremi-de-gobierno-mantiene-permanente-comunicacion-con-los-dirigentes-sociales\/","title":{"rendered":"A TRAV\u00c9S DE REUNIONES VIRTUALES LA SEREMI DE GOBIERNO MANTIENE PERMANENTE  COMUNICACI\u00d3N CON LOS DIRIGENTES SOCIALES"},"content":{"rendered":"\n<p>Mantener el\ncontacto con los dirigentes sociales durante la situaci\u00f3n que vive la regi\u00f3n\nproducto del Covid-19, ha sido una prioridad para la seremi de Gobierno,\nAlejandra Mu\u00f1oz, quien a trav\u00e9s de la Divisi\u00f3n de Organizaciones Sociales (DOS)\nha coordinado reuniones virtuales con la finalidad de escuchar sus necesidades\ny comunicar las diversas medidas que el Gobierno ha implementado durante \u00e9sta\npandemia.<\/p>\n\n\n\n<p>En las\nreuniones tambi\u00e9n ha participado el Director de la Divisi\u00f3n de Organizaciones Sociales, Jorge\nFuentes, que ha podido enterarse de las realidades locales, para saber en qu\u00e9\ncondiciones se encuentran y de qu\u00e9 manera est\u00e1n llevando a cabo su labor.<\/p>\n\n\n\n<p>La vocera del Gobierno Regional, Alejandra Mu\u00f1oz, destac\u00f3 la\nimportancia de estar conectados e informados, pese a la distancia: \u201cdesde el\nextremo sur de nuestro pa\u00eds, iniciamos reuniones virtuales en conjunto con\nnuestro Director Nacional, Jorge Fuentes, para conocer la situaci\u00f3n en la que\nse encuentran los distintos sectores de nuestra regi\u00f3n y a la vez poder\norientar respecto de las medidas y estrategias implementadas por el Presidente\nSebasti\u00e1n Pi\u00f1era en lo que dice relaci\u00f3n con la pandemia. Seguiremos trabajando\ncon nuestros dirigentes sociales, utilizando los medios disponibles y la\ntecnolog\u00eda, porque sabemos que este es un trabajo que requiere unidad para que\npodamos salir adelante\u201d.<\/p>\n\n\n\n<p>En tanto, el director de la DOS, Jorge Fuentes, manifest\u00f3\nsacarse el sombrero por los dirigentes. \u201cEn ellos recaen los sue\u00f1os,\nexpectativas y muchas veces los malos ratos de sus comunidades, pero -a\u00fan en\ncondiciones adversas-, trabajan sin descanso para cumplir con sus compromisos y\nsalir adelante. Los felicito sinceramente por articular las demandas de su\nentorno y por el esfuerzo que a diario realizan\u201d.<\/p>\n\n\n\n<p>En el caso de las reuniones con las presidentas de las\nUniones Comunales de Puerto Natales y de Punta Arenas, adem\u00e1s de la Uni\u00f3n\nComunal de Adultos Mayores de la capital de la provincia de \u00daltima Esperanza,\nel director de la DOS y la seremi de Gobierno, les informaron acerca del\nproyecto de modificaci\u00f3n legal, que busca prorrogar la vigencia de las\ndirectivas de las organizaciones comunitarias, que vencieron tres meses antes\nde haberse decretado el Estado de Cat\u00e1strofe, aquellas que caducaron durante\neste estado de excepci\u00f3n; y las que iban a perder su vigencia tres meses\ndespu\u00e9s de haber finalizado este escenario.<\/p>\n\n\n\n<p><strong>Esfuerzo y compromiso<\/strong><\/p>\n\n\n\n<p>El director de la DOS, se\u00f1al\u00f3 que un ejemplo de gran valor y\ntrabajo desinteresado es el de la Junta de Vecinos N\u00b039, Santos Mardones de\nPunta Arenas. Sus integrantes se organizaron para la producci\u00f3n de 150\nmascarillas para los ni\u00f1os del Sename de la regi\u00f3n. Jorge Vergara su\npresidente, relat\u00f3 c\u00f3mo surgi\u00f3 la idea para ir en ayuda de los menores.\n\u201cEst\u00e1bamos trabajando en un taller de corte y confecci\u00f3n y, en la mitad del\ncurso nos pill\u00f3 la llegada del Coronavirus. Luego, cuando nos dimos cuenta de que\nno quedaban mascarillas en el mercado, nos hicimos cargo de esta necesidad y\nlas se\u00f1oras aprendieron a hacer mascarillas. Como dirigentes sociales\ntrabajamos con la Serem\u00eda de Gobierno y conversando con ellos surgi\u00f3 la idea de\ndonarlas a los ni\u00f1os del Sename\u201d.<\/p>\n\n\n\n<p>Finalmente, la seremi Mu\u00f1oz asegur\u00f3 que \u201cseguiremos motivando y colaborando con todas las organizaciones sociales que trabajen de forma desinteresada para ir en apoyo de la comunidad en tiempos de crisis\u201d.<\/p>\n\n\n\n<figure class=\"wp-block-image size-large\"><img loading=\"lazy\" decoding=\"async\" width=\"1024\" height=\"773\" src=\"https:\/\/www.radiopresidenteibanez.cl\/web\/wp-content\/uploads\/2020\/04\/41e2e0a4-caf5-4889-883c-cd89f5e4ca09-1024x773.jpg\" alt=\"\" class=\"wp-image-11343\" srcset=\"https:\/\/www.radiopresidenteibanez.cl\/web\/wp-content\/uploads\/2020\/04\/41e2e0a4-caf5-4889-883c-cd89f5e4ca09-1024x773.jpg 1024w, https:\/\/www.radiopresidenteibanez.cl\/web\/wp-content\/uploads\/2020\/04\/41e2e0a4-caf5-4889-883c-cd89f5e4ca09-300x226.jpg 300w, https:\/\/www.radiopresidenteibanez.cl\/web\/wp-content\/uploads\/2020\/04\/41e2e0a4-caf5-4889-883c-cd89f5e4ca09-768x580.jpg 768w, https:\/\/www.radiopresidenteibanez.cl\/web\/wp-content\/uploads\/2020\/04\/41e2e0a4-caf5-4889-883c-cd89f5e4ca09.jpg 1280w\" sizes=\"auto, (max-width: 1024px) 100vw, 1024px\" \/><\/figure>\n","protected":false},"excerpt":{"rendered":"<p>Mantener el contacto con los dirigentes sociales durante la situaci\u00f3n que vive la regi\u00f3n producto del Covid-19, ha sido una prioridad para la seremi de Gobierno, Alejandra Mu\u00f1oz, quien a&#8230; <a class=\"read-more\" href=\"https:\/\/www.radiopresidenteibanez.cl\/web\/a-traves-de-reuniones-virtuales-la-seremi-de-gobierno-mantiene-permanente-comunicacion-con-los-dirigentes-sociales\/\">Leer m\u00e1s<\/a><\/p>\n","protected":false},"author":2,"featured_media":11345,"comment_status":"closed","ping_status":"closed","sticky":false,"template":"","format":"standard","meta":{"footnotes":""},"categories":[1],"tags":[],"class_list":["post-11342","post","type-post","status-publish","format-standard","has-post-thumbnail","hentry","category-cronica"],"_links":{"self":[{"href":"https:\/\/www.radiopresidenteibanez.cl\/web\/wp-json\/wp\/v2\/posts\/11342","targetHints":{"allow":["GET"]}}],"collection":[{"href":"https:\/\/www.radiopresidenteibanez.cl\/web\/wp-json\/wp\/v2\/posts"}],"about":[{"href":"https:\/\/www.radiopresidenteibanez.cl\/web\/wp-json\/wp\/v2\/types\/post"}],"author":[{"embeddable":true,"href":"https:\/\/www.radiopresidenteibanez.cl\/web\/wp-json\/wp\/v2\/users\/2"}],"replies":[{"embeddable":true,"href":"https:\/\/www.radiopresidenteibanez.cl\/web\/wp-json\/wp\/v2\/comments?post=11342"}],"version-history":[{"count":0,"href":"https:\/\/www.radiopresidenteibanez.cl\/web\/wp-json\/wp\/v2\/posts\/11342\/revisions"}],"wp:featuredmedia":[{"embeddable":true,"href":"https:\/\/www.radiopresidenteibanez.cl\/web\/wp-json\/wp\/v2\/media\/11345"}],"wp:attachment":[{"href":"https:\/\/www.radiopresidenteibanez.cl\/web\/wp-json\/wp\/v2\/media?parent=11342"}],"wp:term":[{"taxonomy":"category","embeddable":true,"href":"https:\/\/www.radiopresidenteibanez.cl\/web\/wp-json\/wp\/v2\/categories?post=11342"},{"taxonomy":"post_tag","embeddable":true,"href":"https:\/\/www.radiopresidenteibanez.cl\/web\/wp-json\/wp\/v2\/tags?post=11342"}],"curies":[{"name":"wp","href":"https:\/\/api.w.org\/{rel}","templated":true}]}}