{"id":11336,"date":"2020-04-23T20:52:57","date_gmt":"2020-04-23T20:52:57","guid":{"rendered":"https:\/\/www.radiopresidenteibanez.cl\/web\/?p=11336"},"modified":"2020-04-23T20:53:03","modified_gmt":"2020-04-23T20:53:03","slug":"bienes-nacionales-anuncia-visor-territorial-covid-19-abierto-a-la-ciudadania","status":"publish","type":"post","link":"https:\/\/www.radiopresidenteibanez.cl\/web\/bienes-nacionales-anuncia-visor-territorial-covid-19-abierto-a-la-ciudadania\/","title":{"rendered":"BIENES NACIONALES ANUNCIA VISOR TERRITORIAL COVID-19 ABIERTO A LA CIUDADAN\u00cdA"},"content":{"rendered":"\n<p>\n\nEn el marco del compromiso adquirido con la Mesa Social COVID-19 y con el objetivo de facilitar el acceso a la informaci\u00f3n disponible sobre el COVID-19 en nuestro pa\u00eds, el ministro del Interior, Gonzalo Blumel, y el ministro de&nbsp; Bienes Nacionales, Julio Isamit, anunciaron esta ma\u00f1ana en La Moneda, un Visor Territorial abierto a la ciudadania con toda la informaci\u00f3n oficial del Ministerio de Salud, al que se podr\u00e1 acceder desde el sitio oficial del gobierno&nbsp;<a href=\"http:\/\/gob.cl\/\" rel=\"noreferrer noopener\" target=\"_blank\">gob.cl<\/a>&nbsp;y desde la web del ministerio&nbsp;<a href=\"http:\/\/bienesnacionales.cl\/\" rel=\"noreferrer noopener\" target=\"_blank\">bienesnacionales.cl<\/a><\/p>\n\n\n\n<p>\u201cQueremos facilitarle el acceso a todos los ciudadanos que requieran saber sobre el COVID-19 en nuestro pa\u00eds. Sabemos que es clave para la toma de las decisiones y para el cuidado de todos. Estamos dando cumplimiento a uno de los compromisos adquiridos con la Mesa Social COVID-19, quienes valoraron mucho estas plataformas\u201d, dijo el ministro Gonzalo Blumel.<\/p>\n\n\n\n<p>E esa l\u00ednea, el ministro de Bienes Nacionales, Julio Isamit, se\u00f1al\u00f3 que \u201csabemos que los chilenos est\u00e1n muy preocupados por esta emergencia sanitaria, y para que tengamos mayor informaci\u00f3n y podamos tomar mejores decisiones, desde Bienes Nacionales hemos preparado este visor territorial que permitir\u00e1 presentar de manera georreferenciada toda la informaci\u00f3n del Ministerio de Salud, a nivel nacional, regional y comunal\u201d.<\/p>\n\n\n\n<p>\u201cHemos seguido el modelo de otras plataformas internacionales altamente valoradas por la ciudadan\u00eda, porque estamos convencidos, que si las personas cuentan con mayor informaci\u00f3n, podr\u00e1n tomar mejores decisiones, podr\u00e1n ser m\u00e1s responsables, m\u00e1s solidarios y, en definitiva, ayudar a cuidarnos entre todos\u201d, dijo.<\/p>\n\n\n\n<p>Visor Territorial COVID-19<\/p>\n\n\n\n<p>El Visor Territorial COVID-19 es abierto a la ciudadan\u00eda y contiene la siguiente informaci\u00f3n:<\/p>\n\n\n\n<p>Cuadros con estad\u00edsticas del pa\u00eds y por regi\u00f3n: se muestra un panel con datos de casos totales confirmados, aquellos nuevos casos del d\u00eda, cantidad de pacientes cr\u00edticos, cantidad de pacientes fallecidos, cantidad de pacientes recuperados y ex\u00e1menes total realizados. Adem\u00e1s, se muestra un gr\u00e1fico con el avance diario por regi\u00f3n de los casos confirmados, pacientes fallecidos, ex\u00e1menes realizados, nuevos casos y aquellos que est\u00e1n hospitalizados. Esto se actualiza en base al informe diario del Ministerio de Salud.<\/p>\n\n\n\n<p>Casos activos por comuna: con puntos de color rojo se muestra la cantidad total de contagiados activos de cada comuna. Este dato se obtiene del informe epidemiol\u00f3gico que se presenta cada 48 horas aproximadamente.<\/p>\n\n\n\n<p>Casos activos por 100.000 habitantes, por comuna: se despliega una capa con distintos tonos de azul, que muestra la tasa de casos activos por 100.000 habitantes por comuna. Este indicador sirve para que sean comparables las comunas de mayor poblaci\u00f3n con las m\u00e1s peque\u00f1as.<\/p>\n\n\n\n<p>Comunas en cuarentena: con una capa color verde oscuro, se muestra aquellas comunas que est\u00e9n en cuarentena (o partes de ellas), especificandose en el mapa qu\u00e9 parte de la comuna se ve afectada.<\/p>\n\n\n\n<p>Comunas con cord\u00f3n sanitario: con una capa morada, se muestra las comunas sujetas a cord\u00f3n sanitario.<\/p>\n\n\n\n<p>Gr\u00e1ficos de avances diarios: el visor tambi\u00e9n permite mostrar el avance diario de estas estadisticas. Este nivel de detalle, se tiene para cada regi\u00f3n en casos confirmados, pacientes fallecidos, ex\u00e1menes realizados, nuevos casos y aquellas personas que se encuentran en camas de la Unidad de Cuidados Intensivos (UCI). Adem\u00e1s, se tiene informaci\u00f3n a nivel regional de los casos activos, actualizados cada 24 horas seg\u00fan el Informe de Coronavirus que emite el Ministerio de Salud.<br><\/p>\n","protected":false},"excerpt":{"rendered":"<p>En el marco del compromiso adquirido con la Mesa Social COVID-19 y con el objetivo de facilitar el acceso a la informaci\u00f3n disponible sobre el COVID-19 en nuestro pa\u00eds, el&#8230; <a class=\"read-more\" href=\"https:\/\/www.radiopresidenteibanez.cl\/web\/bienes-nacionales-anuncia-visor-territorial-covid-19-abierto-a-la-ciudadania\/\">Leer m\u00e1s<\/a><\/p>\n","protected":false},"author":2,"featured_media":11337,"comment_status":"closed","ping_status":"closed","sticky":false,"template":"","format":"standard","meta":{"footnotes":""},"categories":[1],"tags":[],"class_list":["post-11336","post","type-post","status-publish","format-standard","has-post-thumbnail","hentry","category-cronica"],"_links":{"self":[{"href":"https:\/\/www.radiopresidenteibanez.cl\/web\/wp-json\/wp\/v2\/posts\/11336","targetHints":{"allow":["GET"]}}],"collection":[{"href":"https:\/\/www.radiopresidenteibanez.cl\/web\/wp-json\/wp\/v2\/posts"}],"about":[{"href":"https:\/\/www.radiopresidenteibanez.cl\/web\/wp-json\/wp\/v2\/types\/post"}],"author":[{"embeddable":true,"href":"https:\/\/www.radiopresidenteibanez.cl\/web\/wp-json\/wp\/v2\/users\/2"}],"replies":[{"embeddable":true,"href":"https:\/\/www.radiopresidenteibanez.cl\/web\/wp-json\/wp\/v2\/comments?post=11336"}],"version-history":[{"count":0,"href":"https:\/\/www.radiopresidenteibanez.cl\/web\/wp-json\/wp\/v2\/posts\/11336\/revisions"}],"wp:featuredmedia":[{"embeddable":true,"href":"https:\/\/www.radiopresidenteibanez.cl\/web\/wp-json\/wp\/v2\/media\/11337"}],"wp:attachment":[{"href":"https:\/\/www.radiopresidenteibanez.cl\/web\/wp-json\/wp\/v2\/media?parent=11336"}],"wp:term":[{"taxonomy":"category","embeddable":true,"href":"https:\/\/www.radiopresidenteibanez.cl\/web\/wp-json\/wp\/v2\/categories?post=11336"},{"taxonomy":"post_tag","embeddable":true,"href":"https:\/\/www.radiopresidenteibanez.cl\/web\/wp-json\/wp\/v2\/tags?post=11336"}],"curies":[{"name":"wp","href":"https:\/\/api.w.org\/{rel}","templated":true}]}}