{"id":11330,"date":"2020-04-23T20:46:22","date_gmt":"2020-04-23T20:46:22","guid":{"rendered":"https:\/\/www.radiopresidenteibanez.cl\/web\/?p=11330"},"modified":"2020-04-23T20:46:29","modified_gmt":"2020-04-23T20:46:29","slug":"cerca-de-850-millones-gestionara-la-municipalidad-de-natales-para-entregar-ayudas-sociales-a-las-familias-de-la-comuna","status":"publish","type":"post","link":"https:\/\/www.radiopresidenteibanez.cl\/web\/cerca-de-850-millones-gestionara-la-municipalidad-de-natales-para-entregar-ayudas-sociales-a-las-familias-de-la-comuna\/","title":{"rendered":"CERCA DE 850 MILLONES GESTIONAR\u00c1 LA MUNICIPALIDAD DE NATALES PARA ENTREGAR AYUDAS SOCIALES A LAS FAMILIAS DE LA COMUNA"},"content":{"rendered":"\n<p>A trav\u00e9s una\nvideo conferencia con diversos medios regionales, el Alcalde de la comuna de\nNatales, Fernando Paredes Mansilla, junto a los concejales de la ciudad realizaron\nel lanzamiento oficial del aniversario social 2020, enfatizando la situaci\u00f3n de\ncontingencia sanitaria que actualmente vive nuestro pa\u00eds.<\/p>\n\n\n\n<p>El edil natalino destac\u00f3 que este a\u00f1o en particular el aniversario ser\u00e1 muy distinto debido al problema social que est\u00e1 afectando a la comunidad producto de la pandemia y que golpea fuertemente al mundo entero, \u201ccada a\u00f1o en esta fecha nos prepar\u00e1bamos para realizar el lanzamiento de nuestro aniversario con la presentaci\u00f3n de un calendario de actividades. Este a\u00f1o y debido a la contingencia queremos concentrar todo nuestro esfuerzo y compromiso desde el Concejo Municipal y funcionarios en poder ayudar a nuestras familias m\u00e1s vulnerables\u201d. Agreg\u00f3 Paredes que el coronavirus a golpeado a nivel social y econ\u00f3micamente en la mayor\u00eda de las comunidades del pa\u00eds, siendo una realidad las demandas sociales que han recibido los municipios.<\/p>\n\n\n\n<p>Cabe se\u00f1alar que Puerto Natales este a\u00f1o durante el mes de mayo cumplir\u00e1 109 a\u00f1os de existencia, donde a\u00f1os anteriores se destacaba el amplio despliegue de actividades culturales, deportivas y sociales, en este sentido el jefe comunal se\u00f1al\u00f3 que a trav\u00e9s de diversas l\u00edneas de financiamiento se abordar\u00e1 responder en las demandas de los vecinos destacando anuncios como la puesta en marcha de una farmacia comunal, el programa de ayuda social para entrega de kit sanitarios, kit de higiene para ni\u00f1os y j\u00f3venes y el funcionamiento del albergue como plan de invierno, \u201ctodo esto es y ser\u00e1 posible si aunamos compromiso y esfuerzo, no todo lo puede hacer nuestro municipio, y quiero recordar que debido a esta situaci\u00f3n todos los municipios del pa\u00eds ya se encuentran con un d\u00e9ficit financiero, por eso que es importante el llamado que estamos haciendo tanto al Gobierno Regional como a las empresas privadas para sacar todo esto adelante\u201d.<\/p>\n\n\n\n<p>En total son\ncerca de 850 millones de pesos lo que gestionar\u00e1 el municipio a trav\u00e9s de\ndiversas iniciativas de financiamiento, adem\u00e1s del aporte municipal y el aporte\nde privados. Las cuales se concretar\u00e1n durante los meses m\u00e1s complicados del\npresente invierno, vale decir, mayo, junio, julio y agosto.<\/p>\n","protected":false},"excerpt":{"rendered":"<p>A trav\u00e9s una video conferencia con diversos medios regionales, el Alcalde de la comuna de Natales, Fernando Paredes Mansilla, junto a los concejales de la ciudad realizaron el lanzamiento oficial&#8230; <a class=\"read-more\" href=\"https:\/\/www.radiopresidenteibanez.cl\/web\/cerca-de-850-millones-gestionara-la-municipalidad-de-natales-para-entregar-ayudas-sociales-a-las-familias-de-la-comuna\/\">Leer m\u00e1s<\/a><\/p>\n","protected":false},"author":2,"featured_media":11331,"comment_status":"closed","ping_status":"closed","sticky":false,"template":"","format":"standard","meta":{"footnotes":""},"categories":[1],"tags":[],"class_list":["post-11330","post","type-post","status-publish","format-standard","has-post-thumbnail","hentry","category-cronica"],"_links":{"self":[{"href":"https:\/\/www.radiopresidenteibanez.cl\/web\/wp-json\/wp\/v2\/posts\/11330","targetHints":{"allow":["GET"]}}],"collection":[{"href":"https:\/\/www.radiopresidenteibanez.cl\/web\/wp-json\/wp\/v2\/posts"}],"about":[{"href":"https:\/\/www.radiopresidenteibanez.cl\/web\/wp-json\/wp\/v2\/types\/post"}],"author":[{"embeddable":true,"href":"https:\/\/www.radiopresidenteibanez.cl\/web\/wp-json\/wp\/v2\/users\/2"}],"replies":[{"embeddable":true,"href":"https:\/\/www.radiopresidenteibanez.cl\/web\/wp-json\/wp\/v2\/comments?post=11330"}],"version-history":[{"count":0,"href":"https:\/\/www.radiopresidenteibanez.cl\/web\/wp-json\/wp\/v2\/posts\/11330\/revisions"}],"wp:featuredmedia":[{"embeddable":true,"href":"https:\/\/www.radiopresidenteibanez.cl\/web\/wp-json\/wp\/v2\/media\/11331"}],"wp:attachment":[{"href":"https:\/\/www.radiopresidenteibanez.cl\/web\/wp-json\/wp\/v2\/media?parent=11330"}],"wp:term":[{"taxonomy":"category","embeddable":true,"href":"https:\/\/www.radiopresidenteibanez.cl\/web\/wp-json\/wp\/v2\/categories?post=11330"},{"taxonomy":"post_tag","embeddable":true,"href":"https:\/\/www.radiopresidenteibanez.cl\/web\/wp-json\/wp\/v2\/tags?post=11330"}],"curies":[{"name":"wp","href":"https:\/\/api.w.org\/{rel}","templated":true}]}}