{"id":11328,"date":"2020-04-23T20:41:49","date_gmt":"2020-04-23T20:41:49","guid":{"rendered":"https:\/\/www.radiopresidenteibanez.cl\/web\/?p=11328"},"modified":"2020-04-23T20:41:56","modified_gmt":"2020-04-23T20:41:56","slug":"avanza-para-transformarse-en-ley-iniciativa-del-senador-bianchi-que-suspende-el-corte-de-servicios-basicos-por-no-pago-en-virtud-de-la-crisis-originada-por-el-coronavirus","status":"publish","type":"post","link":"https:\/\/www.radiopresidenteibanez.cl\/web\/avanza-para-transformarse-en-ley-iniciativa-del-senador-bianchi-que-suspende-el-corte-de-servicios-basicos-por-no-pago-en-virtud-de-la-crisis-originada-por-el-coronavirus\/","title":{"rendered":"AVANZA PARA TRANSFORMARSE EN LEY INICIATIVA DEL SENADOR BIANCHI QUE SUSPENDE EL CORTE DE SERVICIOS B\u00c1SICOS POR NO PAGO EN VIRTUD DE LA CRISIS ORIGINADA POR EL CORONAVIRUS"},"content":{"rendered":"\n<p>La comisi\u00f3n de Econom\u00eda del Senado\naprob\u00f3 la moci\u00f3n del senador de Magallanes, Carlos Bianchi, que suspende el corte de servicios b\u00e1sicos por no pago\nen virtud de la crisisy que permitir\u00e1 cancelar la deuda\nhasta en 12 cuotas. El proyecto est\u00e1 unido a otras mociones y se votar\u00e1 en sala\nen la pr\u00f3xima sesi\u00f3n.<\/p>\n\n\n\n<p>El parlamentario destac\u00f3 que la ley esencialmente\ninstaura que las empresas proveedoras de servicios sanitarios, empresas y\ncooperativas de distribuci\u00f3n de electricidad y las empresas de distribuci\u00f3n de\ngas de red, no podr\u00e1n cortar el suministro por mora en el pago a los usuarios\nresidenciales, hospitales, c\u00e1rceles, hogares de menores en riesgo social,\nabandono o compromiso delictual, bomberos, organizaciones sin fines de lucro y\nmicroempresas.<\/p>\n\n\n\n<p>Bianchi puntualiz\u00f3 que la ley no solo\nva en apoyo a los adultos mayores, a los hogares m\u00e1s vulnerables y quienes est\u00e9n\nacogidos a la ley de protecci\u00f3n al empleo, sino que tambi\u00e9n se incluy\u00f3 a los\ntrabajadores que se desempe\u00f1an en una actividad informal o independiente. <\/p>\n\n\n\n<p>\u201cPara los trabajadores\nindependientes, se podr\u00e1n acoger al beneficio a trav\u00e9s de una declaraci\u00f3n\njurada simple, sin notar\u00eda, con el cual certifica su condici\u00f3n, esto se lleva a\nla empresa del servicio y las empresas tienen que acoger esta solicitud y as\u00ed\ntendr\u00e1 entonces una facilidad de pago. Esto significa que luego de cumplirse el\nperiodo de los tres meses donde estar\u00e1 prohibido efectuar cortes, est\u00e1 el\nbeneficio de pagar la deuda hasta 12 meses sin intereses.\u201d<\/p>\n\n\n\n<p>El parlamentario a\u00f1adi\u00f3 que \u201cla ley\ncontempla adem\u00e1s que, si un hogar tiene hoy una deuda o morosidad, ese monto tambi\u00e9n\npodr\u00e1 ser distribuido en 12 cuotas mensuales que se podr\u00e1n pactar con las\nempresas de suministros b\u00e1sicos\u201d<\/p>\n\n\n\n<p>El senador Bianchi explic\u00f3 que se\nrealizaron sesiones de comisi\u00f3n en dobles jornadas lunes, martes y mi\u00e9rcoles en\nla ma\u00f1ana con el af\u00e1n de darle prioridad al proyecto, sin embargo, hubo quienes\nse opusieron a que ello ocurra. \u201cTodo esto tiene buena intenci\u00f3n, pero, vemos\nque el presidente y el gobierno en particular no quiere que se haga a trav\u00e9s de\nuna ley, quiere que todo simplemente quede en la conversaci\u00f3n que \u00e9l tuvo con\nsus amigos de estas grandes empresas.\u201d <\/p>\n\n\n\n<p>La ley que espera ser\naprobada la pr\u00f3xima semana contempla que podr\u00e1n acogerse a los beneficios los\nusuarios finales que cumplan con, a lo menos, uno de los siguientes\nrequisitos:&nbsp; Encontrarse dentro del 40%\nde vulnerabilidad, de conformidad al Registro Social de Hogares; Tener la\ncalidad de adulto mayor; Estar percibiendo las prestaciones del seguro de\ndesempleo; Estar acogido a a la suspensi\u00f3n de la relaci\u00f3n laboral o por la\ncelebraci\u00f3n de un pacto de reducci\u00f3n temporal de jornada; o ser trabajador\nindependiente no comprendido en alguna de las categor\u00edas anteriores, y\nexpresar, mediante declaraci\u00f3n jurada simple, que est\u00e1 siendo afectado por una\ndisminuci\u00f3n significativa de ingresos que justifica el acceso a los beneficios.<\/p>\n","protected":false},"excerpt":{"rendered":"<p>La comisi\u00f3n de Econom\u00eda del Senado aprob\u00f3 la moci\u00f3n del senador de Magallanes, Carlos Bianchi, que suspende el corte de servicios b\u00e1sicos por no pago en virtud de la crisisy&#8230; <a class=\"read-more\" href=\"https:\/\/www.radiopresidenteibanez.cl\/web\/avanza-para-transformarse-en-ley-iniciativa-del-senador-bianchi-que-suspende-el-corte-de-servicios-basicos-por-no-pago-en-virtud-de-la-crisis-originada-por-el-coronavirus\/\">Leer m\u00e1s<\/a><\/p>\n","protected":false},"author":2,"featured_media":1915,"comment_status":"closed","ping_status":"closed","sticky":false,"template":"","format":"standard","meta":{"footnotes":""},"categories":[1],"tags":[],"class_list":["post-11328","post","type-post","status-publish","format-standard","has-post-thumbnail","hentry","category-cronica"],"_links":{"self":[{"href":"https:\/\/www.radiopresidenteibanez.cl\/web\/wp-json\/wp\/v2\/posts\/11328","targetHints":{"allow":["GET"]}}],"collection":[{"href":"https:\/\/www.radiopresidenteibanez.cl\/web\/wp-json\/wp\/v2\/posts"}],"about":[{"href":"https:\/\/www.radiopresidenteibanez.cl\/web\/wp-json\/wp\/v2\/types\/post"}],"author":[{"embeddable":true,"href":"https:\/\/www.radiopresidenteibanez.cl\/web\/wp-json\/wp\/v2\/users\/2"}],"replies":[{"embeddable":true,"href":"https:\/\/www.radiopresidenteibanez.cl\/web\/wp-json\/wp\/v2\/comments?post=11328"}],"version-history":[{"count":0,"href":"https:\/\/www.radiopresidenteibanez.cl\/web\/wp-json\/wp\/v2\/posts\/11328\/revisions"}],"wp:featuredmedia":[{"embeddable":true,"href":"https:\/\/www.radiopresidenteibanez.cl\/web\/wp-json\/wp\/v2\/media\/1915"}],"wp:attachment":[{"href":"https:\/\/www.radiopresidenteibanez.cl\/web\/wp-json\/wp\/v2\/media?parent=11328"}],"wp:term":[{"taxonomy":"category","embeddable":true,"href":"https:\/\/www.radiopresidenteibanez.cl\/web\/wp-json\/wp\/v2\/categories?post=11328"},{"taxonomy":"post_tag","embeddable":true,"href":"https:\/\/www.radiopresidenteibanez.cl\/web\/wp-json\/wp\/v2\/tags?post=11328"}],"curies":[{"name":"wp","href":"https:\/\/api.w.org\/{rel}","templated":true}]}}