{"id":11325,"date":"2020-04-23T20:39:39","date_gmt":"2020-04-23T20:39:39","guid":{"rendered":"https:\/\/www.radiopresidenteibanez.cl\/web\/?p=11325"},"modified":"2020-04-23T20:39:46","modified_gmt":"2020-04-23T20:39:46","slug":"hospital-de-natales-refuerza-la-obligatoriedad-del-uso-de-mascarilla-o-cubreboca-al-interior-del-recinto","status":"publish","type":"post","link":"https:\/\/www.radiopresidenteibanez.cl\/web\/hospital-de-natales-refuerza-la-obligatoriedad-del-uso-de-mascarilla-o-cubreboca-al-interior-del-recinto\/","title":{"rendered":"HOSPITAL DE NATALES REFUERZA LA OBLIGATORIEDAD DEL USO DE MASCARILLA O CUBREBOCA AL INTERIOR DEL RECINTO"},"content":{"rendered":"\n<p>El pasado viernes 17 de abril, en vigencia el decreto que\nestablece como obligatorio el uso de mascarilla en todos lugares p\u00fablicos\ncerrados que agrupen a m\u00e1s de 10 personas y los ascensores. Esta medida afecta a aeropuertos,\nlocales comerciales, hoteles, establecimientos de salud, lugares de trabajo,\nestablecimientos educacionales, residencias de adultos mayores, recintos\ndeportivos, entre otros. <\/p>\n\n\n\n<p>Raz\u00f3n por la que el Hospital de Natales ha dispuesto personal de control sanitario en los accesos del recinto de salud para procurar que toda persona que ingrese al recinto de salud cuente con mascarilla o cubreboca. \u201cAdem\u00e1s, el personal de control sanitario orienta y resuelta dudas sobre el correcto uso de mascarilla y cubreboca, y refuerza en nuestros usuarios la importancia de la distancia social y lavado constante y correcto de manos\u201d, explic\u00f3 el enfermero de Control Sanitario, Agust\u00edn Santos. <\/p>\n\n\n\n<p>\u201cEs importante destacar que esta medida apunta a la responsabilidad individual. Nuestro foco est\u00e1 en disminuir la propagaci\u00f3n r\u00e1pida de este virus. Por lo tanto, apelamos al cuidado personal por lo que hacemos un llamado a usar mascarillas al interior del recinto de salud y otros lugares p\u00fablicos\u201d, agreg\u00f3 el profesional.<\/p>\n\n\n\n<p>Desde el inicio de la contigencia el Hospital ha establecido un fuerte control sanitario para el personal del establecimiento con un ingreso y salida \u00fanico donde todo el personal realiza su limpieza de calzado, toma de temperatura, cambio de vestimenta, desinfecci\u00f3n de celulares y lavado de manos.<\/p>\n","protected":false},"excerpt":{"rendered":"<p>El pasado viernes 17 de abril, en vigencia el decreto que establece como obligatorio el uso de mascarilla en todos lugares p\u00fablicos cerrados que agrupen a m\u00e1s de 10 personas&#8230; <a class=\"read-more\" href=\"https:\/\/www.radiopresidenteibanez.cl\/web\/hospital-de-natales-refuerza-la-obligatoriedad-del-uso-de-mascarilla-o-cubreboca-al-interior-del-recinto\/\">Leer m\u00e1s<\/a><\/p>\n","protected":false},"author":2,"featured_media":11326,"comment_status":"closed","ping_status":"closed","sticky":false,"template":"","format":"standard","meta":{"footnotes":""},"categories":[1],"tags":[],"class_list":["post-11325","post","type-post","status-publish","format-standard","has-post-thumbnail","hentry","category-cronica"],"_links":{"self":[{"href":"https:\/\/www.radiopresidenteibanez.cl\/web\/wp-json\/wp\/v2\/posts\/11325","targetHints":{"allow":["GET"]}}],"collection":[{"href":"https:\/\/www.radiopresidenteibanez.cl\/web\/wp-json\/wp\/v2\/posts"}],"about":[{"href":"https:\/\/www.radiopresidenteibanez.cl\/web\/wp-json\/wp\/v2\/types\/post"}],"author":[{"embeddable":true,"href":"https:\/\/www.radiopresidenteibanez.cl\/web\/wp-json\/wp\/v2\/users\/2"}],"replies":[{"embeddable":true,"href":"https:\/\/www.radiopresidenteibanez.cl\/web\/wp-json\/wp\/v2\/comments?post=11325"}],"version-history":[{"count":0,"href":"https:\/\/www.radiopresidenteibanez.cl\/web\/wp-json\/wp\/v2\/posts\/11325\/revisions"}],"wp:featuredmedia":[{"embeddable":true,"href":"https:\/\/www.radiopresidenteibanez.cl\/web\/wp-json\/wp\/v2\/media\/11326"}],"wp:attachment":[{"href":"https:\/\/www.radiopresidenteibanez.cl\/web\/wp-json\/wp\/v2\/media?parent=11325"}],"wp:term":[{"taxonomy":"category","embeddable":true,"href":"https:\/\/www.radiopresidenteibanez.cl\/web\/wp-json\/wp\/v2\/categories?post=11325"},{"taxonomy":"post_tag","embeddable":true,"href":"https:\/\/www.radiopresidenteibanez.cl\/web\/wp-json\/wp\/v2\/tags?post=11325"}],"curies":[{"name":"wp","href":"https:\/\/api.w.org\/{rel}","templated":true}]}}