{"id":11323,"date":"2020-04-23T20:34:14","date_gmt":"2020-04-23T20:34:14","guid":{"rendered":"https:\/\/www.radiopresidenteibanez.cl\/web\/?p=11323"},"modified":"2020-04-23T20:34:28","modified_gmt":"2020-04-23T20:34:28","slug":"sky-anuncia-reactivacion-progresiva-de-sus-operaciones-domesticas-a-partir-del-1-de-junio","status":"publish","type":"post","link":"https:\/\/www.radiopresidenteibanez.cl\/web\/sky-anuncia-reactivacion-progresiva-de-sus-operaciones-domesticas-a-partir-del-1-de-junio\/","title":{"rendered":"SKY ANUNCIA REACTIVACI\u00d3N PROGRESIVA DE SUS OPERACIONES DOM\u00c9STICAS A PARTIR DEL 1 DE JUNIO"},"content":{"rendered":"\n<p>A un mes de haber suspendido los vuelos -producto de la crisis del Coronavirus- SKY anunci\u00f3 que a partir del 1 de junio comenzar\u00e1 a reactivar sus operaciones dom\u00e9sticas, considerando las determinaciones que vaya adoptando la autoridad sanitaria a nivel nacional.<\/p>\n\n\n\n<p> \u201cAplazamos el inicio de las operaciones de SKY para el 1 de junio, con el objetivo de poder cumplir al m\u00e1ximo nuestro compromiso con la seguridad y salud de todos nuestros trabajadores, pasajeros, colaboradores y ciudadanos. Por ello, la reactivaci\u00f3n ser\u00e1 de manera progresiva y estar\u00e1 en sinton\u00eda con lo que vaya decretando la autoridad sanitaria\u201d, dijo el CEO de SKY, Jos\u00e9 Ignacio Dougnac.<\/p>\n\n\n\n<p>En cuanto a los destinos internacionales, la aerol\u00ednea decidi\u00f3 extender la suspensi\u00f3n de estos hasta el 28 de junio, con el objetivo de evaluar y considerar las medidas y regulaciones extranjeras que decreten los pa\u00edses en donde opera la compa\u00f1\u00eda.<\/p>\n\n\n\n<p>Por otra parte, SKY actualmente se encuentra trabajando en el reforzamiento de su plan de protecci\u00f3n a bordo, el cual contemplar\u00e1 una serie de iniciativas enfocadas en minimizar al m\u00e1ximo posible cualquier riesgo que implique el Coronavirus.<\/p>\n\n\n\n<p> \u201cEstamos trabajando para que nuestros trabajadores y pasajeros tengan la confianza de que SKY est\u00e1 adoptando todas las medidas necesarias para que puedan volar de una manera tranquila y segura. Sin embargo, no hay que olvidar que el autocuidado es fundamental, por eso es muy importante la colaboraci\u00f3n de todos para poder minimizar cualquier riesgo\u201d, asegur\u00f3 Dougnac.<\/p>\n\n\n\n<p>Respecto a las medidas de compensaci\u00f3n para los pasajeros afectados, SKY extendi\u00f3 la entrega de un voucher -equivalente al valor total del ticket y con vigencia para comprar y volar hasta el 31 de diciembre de 2020- para todos aquellos clientes que ten\u00edan vuelos dom\u00e9sticos programados hasta el 31 de mayo e internacionales hasta el 28 de junio.<\/p>\n\n\n\n<p>Asimismo, para quienes compren tickets antes del 28 de junio, la aerol\u00ednea tendr\u00e1 activa su pol\u00edtica de flexibilidad, la que les permitir\u00e1 hacer cambios de fecha o itinerarios sin penalidad.<\/p>\n","protected":false},"excerpt":{"rendered":"<p>A un mes de haber suspendido los vuelos -producto de la crisis del Coronavirus- SKY anunci\u00f3 que a partir del 1 de junio comenzar\u00e1 a reactivar sus operaciones dom\u00e9sticas, considerando&#8230; <a class=\"read-more\" href=\"https:\/\/www.radiopresidenteibanez.cl\/web\/sky-anuncia-reactivacion-progresiva-de-sus-operaciones-domesticas-a-partir-del-1-de-junio\/\">Leer m\u00e1s<\/a><\/p>\n","protected":false},"author":2,"featured_media":4520,"comment_status":"closed","ping_status":"closed","sticky":false,"template":"","format":"standard","meta":{"footnotes":""},"categories":[1],"tags":[],"class_list":["post-11323","post","type-post","status-publish","format-standard","has-post-thumbnail","hentry","category-cronica"],"_links":{"self":[{"href":"https:\/\/www.radiopresidenteibanez.cl\/web\/wp-json\/wp\/v2\/posts\/11323","targetHints":{"allow":["GET"]}}],"collection":[{"href":"https:\/\/www.radiopresidenteibanez.cl\/web\/wp-json\/wp\/v2\/posts"}],"about":[{"href":"https:\/\/www.radiopresidenteibanez.cl\/web\/wp-json\/wp\/v2\/types\/post"}],"author":[{"embeddable":true,"href":"https:\/\/www.radiopresidenteibanez.cl\/web\/wp-json\/wp\/v2\/users\/2"}],"replies":[{"embeddable":true,"href":"https:\/\/www.radiopresidenteibanez.cl\/web\/wp-json\/wp\/v2\/comments?post=11323"}],"version-history":[{"count":0,"href":"https:\/\/www.radiopresidenteibanez.cl\/web\/wp-json\/wp\/v2\/posts\/11323\/revisions"}],"wp:featuredmedia":[{"embeddable":true,"href":"https:\/\/www.radiopresidenteibanez.cl\/web\/wp-json\/wp\/v2\/media\/4520"}],"wp:attachment":[{"href":"https:\/\/www.radiopresidenteibanez.cl\/web\/wp-json\/wp\/v2\/media?parent=11323"}],"wp:term":[{"taxonomy":"category","embeddable":true,"href":"https:\/\/www.radiopresidenteibanez.cl\/web\/wp-json\/wp\/v2\/categories?post=11323"},{"taxonomy":"post_tag","embeddable":true,"href":"https:\/\/www.radiopresidenteibanez.cl\/web\/wp-json\/wp\/v2\/tags?post=11323"}],"curies":[{"name":"wp","href":"https:\/\/api.w.org\/{rel}","templated":true}]}}