{"id":11320,"date":"2020-04-23T14:12:07","date_gmt":"2020-04-23T14:12:07","guid":{"rendered":"https:\/\/www.radiopresidenteibanez.cl\/web\/?p=11320"},"modified":"2020-04-23T14:12:54","modified_gmt":"2020-04-23T14:12:54","slug":"proyecto-del-diputado-bianchi-que-permite-retiro-de-fondos-de-la-afp-durante-el-estado-de-excepcion-constitucional-es-aprobado-en-la-camara-de-diputados","status":"publish","type":"post","link":"https:\/\/www.radiopresidenteibanez.cl\/web\/proyecto-del-diputado-bianchi-que-permite-retiro-de-fondos-de-la-afp-durante-el-estado-de-excepcion-constitucional-es-aprobado-en-la-camara-de-diputados\/","title":{"rendered":"PROYECTO DEL DIPUTADO BIANCHI QUE PERMITE RETIRO DE FONDOS DE LA AFP DURANTE EL ESTADO DE EXCEPCI\u00d3N CONSTITUCIONAL ES APROBADO EN LA C\u00c1MARA DE DIPUTADOS"},"content":{"rendered":"\n<p>El parlamentario mostr\u00f3 su\npreocupaci\u00f3n por el debate que se ha generado en torno a las AFP por \u201clas\nmiserables pensiones que entrega\u201d o por lo cuestionable que es el sistema, as\u00ed\ncomo tambi\u00e9n lo vulnerable que es este. \u201cMuchas personas han visto c\u00f3mo se ha\ndesplomado el trabajo de toda una vida de sus fondos de pensiones\u201d, se\u00f1ala.<\/p>\n\n\n\n<p>\u201cEsto no es justo porque\nsolamente pierden las personas, por eso que este debate que se ha iniciado del\nretiro de los fondos de pensiones se hace urgente y necesario, y que adem\u00e1s se\ncongelen estas inversiones que se est\u00e1n realizando de tal manera de no invertir\nm\u00e1s donde la gente va a tener m\u00e1s p\u00e9rdidas\u201d, afirma.<\/p>\n\n\n\n<p>Con 70 votos a favor, 12 en\ncontra y 32 abstenciones, se aprob\u00f3 el proyecto de resoluci\u00f3n del diputado\nindependiente, que le solicita al presidente modificar de manera transitoria el\nDL 3500 del Ministerio Del Trabajo y Previsi\u00f3n Social, que regula el sistema de\npensiones en Chile, para que durante la vigencia del estado de excepci\u00f3n\nconstitucional de cat\u00e1strofe, se permita a las personas que demuestren no haber\npercibido ingresos durante treinta d\u00edas consecutivos, hacer el retiro de sus\nfondos de la AFP.<\/p>\n\n\n\n<p>El documento se\u00f1ala que, \u201cpara\nel c\u00e1lculo del promedio mensual de ingresos del a\u00f1o 2019, se utilizar\u00e1 la informaci\u00f3n\ndeclarada en la operaci\u00f3n renta 2020; en todo caso, el monto retirado no podr\u00e1\nexceder el ingreso bruto mensual sobre el cual se calcula el tope imponible para\nlas cotizaciones obligatorias del sistema de AFP (80,2 UF)\u201d.<\/p>\n\n\n\n<p>El diputado magall\u00e1nico\nmanifiesta que el Coronavirus trae consigo una crisis econ\u00f3mica que es\ninminente y expresa que \u201cen ese escenario debemos preguntarnos qu\u00e9 es lo que\npodemos hacer como Estado para poder ir en ayuda de los m\u00e1s vulnerables\necon\u00f3micamente\u201d.<\/p>\n\n\n\n<p>Asimismo, menciona que en nuestro\npa\u00eds las respuestas en materia econ\u00f3mica se han manifestado en proyectos de ley\nque ha impulsado el Gobierno, los que han tenido un alcance limitado, \u201cno\nsignifica una ayuda real a la clase media chilena y muchas veces deja de lado a\nquienes, teniendo un ingreso levemente superior al ingreso m\u00ednimo, no pueden\nalcanzar los beneficios\u201d.<\/p>\n\n\n\n<p>\u201cExiste un grupo muy\nsignificativo de la poblaci\u00f3n que en este periodo no ha recibido o no recibir\u00e1\ningresos, y es a ellos a quienes queremos darle la posibilidad de que puedan retirar\nde su fondo individual de pensiones un porcentaje equivalente al 80% de su\ningreso mensual promedio que estaban acostumbrados a recibir\u201d, dijo Bianchi.<\/p>\n\n\n\n<p>Asimismo, finaliz\u00f3: \u201cEsperamos\nque el Gobierno escuche a las personas y tambi\u00e9n escuche la voluntad de quienes\naprobamos y presentamos este proyecto para as\u00ed poder ir avanzando hacia una\nsoluci\u00f3n real a las personas que insisto, no le estamos pidiendo plata al\nGobierno, es plata de la misma gente que hoy m\u00e1s que nunca la necesita\u201d.<\/p>\n","protected":false},"excerpt":{"rendered":"<p>El parlamentario mostr\u00f3 su preocupaci\u00f3n por el debate que se ha generado en torno a las AFP por \u201clas miserables pensiones que entrega\u201d o por lo cuestionable que es el&#8230; <a class=\"read-more\" href=\"https:\/\/www.radiopresidenteibanez.cl\/web\/proyecto-del-diputado-bianchi-que-permite-retiro-de-fondos-de-la-afp-durante-el-estado-de-excepcion-constitucional-es-aprobado-en-la-camara-de-diputados\/\">Leer m\u00e1s<\/a><\/p>\n","protected":false},"author":2,"featured_media":5567,"comment_status":"closed","ping_status":"closed","sticky":false,"template":"","format":"standard","meta":{"footnotes":""},"categories":[1],"tags":[],"class_list":["post-11320","post","type-post","status-publish","format-standard","has-post-thumbnail","hentry","category-cronica"],"_links":{"self":[{"href":"https:\/\/www.radiopresidenteibanez.cl\/web\/wp-json\/wp\/v2\/posts\/11320","targetHints":{"allow":["GET"]}}],"collection":[{"href":"https:\/\/www.radiopresidenteibanez.cl\/web\/wp-json\/wp\/v2\/posts"}],"about":[{"href":"https:\/\/www.radiopresidenteibanez.cl\/web\/wp-json\/wp\/v2\/types\/post"}],"author":[{"embeddable":true,"href":"https:\/\/www.radiopresidenteibanez.cl\/web\/wp-json\/wp\/v2\/users\/2"}],"replies":[{"embeddable":true,"href":"https:\/\/www.radiopresidenteibanez.cl\/web\/wp-json\/wp\/v2\/comments?post=11320"}],"version-history":[{"count":0,"href":"https:\/\/www.radiopresidenteibanez.cl\/web\/wp-json\/wp\/v2\/posts\/11320\/revisions"}],"wp:featuredmedia":[{"embeddable":true,"href":"https:\/\/www.radiopresidenteibanez.cl\/web\/wp-json\/wp\/v2\/media\/5567"}],"wp:attachment":[{"href":"https:\/\/www.radiopresidenteibanez.cl\/web\/wp-json\/wp\/v2\/media?parent=11320"}],"wp:term":[{"taxonomy":"category","embeddable":true,"href":"https:\/\/www.radiopresidenteibanez.cl\/web\/wp-json\/wp\/v2\/categories?post=11320"},{"taxonomy":"post_tag","embeddable":true,"href":"https:\/\/www.radiopresidenteibanez.cl\/web\/wp-json\/wp\/v2\/tags?post=11320"}],"curies":[{"name":"wp","href":"https:\/\/api.w.org\/{rel}","templated":true}]}}