{"id":11318,"date":"2020-04-23T14:07:55","date_gmt":"2020-04-23T14:07:55","guid":{"rendered":"https:\/\/www.radiopresidenteibanez.cl\/web\/?p=11318"},"modified":"2020-04-23T14:08:02","modified_gmt":"2020-04-23T14:08:02","slug":"se-aprueba-proyecto-del-diputado-bianchi-para-entregar-asignacion-y-seguro-de-vida-a-quienes-desempenen-funciones-esenciales","status":"publish","type":"post","link":"https:\/\/www.radiopresidenteibanez.cl\/web\/se-aprueba-proyecto-del-diputado-bianchi-para-entregar-asignacion-y-seguro-de-vida-a-quienes-desempenen-funciones-esenciales\/","title":{"rendered":"SE APRUEBA PROYECTO DEL DIPUTADO BIANCHI PARA ENTREGAR ASIGNACI\u00d3N Y SEGURO DE VIDA A QUIENES DESEMPE\u00d1EN FUNCIONES ESENCIALES"},"content":{"rendered":"\n<p>La C\u00e1mara de Diputados aprob\u00f3\nel proyecto de resoluci\u00f3n del parlamentario, el que solicita al presidente\nPi\u00f1era otorgar una asignaci\u00f3n por el desempe\u00f1o de funciones cr\u00edticas y un\nseguro de vida a los trabajadores por el per\u00edodo de excepci\u00f3n constitucional.<\/p>\n\n\n\n<p>\u201cValoramos much\u00edsimo esta gran\naprobaci\u00f3n que hemos tenido de nuestro proyecto, que lo q busca es una\nasignaci\u00f3n de desempe\u00f1o de funciones cr\u00edticas de quienes en cuarentena siguen\nhaciendo que nuestro pa\u00eds funcione, personas que est\u00e1n arriesgando su vida en\ntrabajos que son esenciales para que la vida pueda continuar\u201d, expres\u00f3 el\ndiputado independiente.<\/p>\n\n\n\n<p>La aprobaci\u00f3n del proyecto de\nresoluci\u00f3n se traduce en que la C\u00e1mara manifiesta su preocupaci\u00f3n por\ndeterminado tema, en este caso la asignaci\u00f3n y seguro de vida, ante lo cual el\npresidente Pi\u00f1era deber\u00e1 manifestarse sobre esto en un plazo de 30 d\u00edas.<\/p>\n\n\n\n<p>Respecto a quienes est\u00e1n\ndirigidos estos beneficios, el documento se\u00f1ala: \u201cA todos los trabajadores que\ndesempe\u00f1en, sin distinci\u00f3n del r\u00e9gimen contractual, actividades laborales en el\nsector de la salud, emergencias, alimentos y todos los exceptuados de paralizar\nsus actividades seg\u00fan la Resoluci\u00f3n Exenta N\u00ba 88 del Ministerio de Hacienda de\nfecha 6 de abril de 2020\u201d.<\/p>\n\n\n\n<p>As\u00ed, est\u00e1 dirigido por ejemplo\na los funcionarios de hospitales, Cesfam, SAPU, los servicios que entregan\nalimento, limpieza, reparaci\u00f3n y mantenimiento esencial para el funcionamiento\nde estos recintos asistenciales, las farmacias, laboratorios, productores de\nmedicamentos; recolectores de basura, de transporte de residuos, servicios en\nresidencias destinadas a ni\u00f1os, ni\u00f1as y adolescentes, adultos mayores, y de\npersonas con discapacidad o en situaci\u00f3n de calle.<\/p>\n\n\n\n<p>Tambi\u00e9n a quienes trabajan en\nservicios para el mantenimiento, reparaci\u00f3n y funcionamiento de la\ninfraestructura p\u00fablica, a los trabajadores de supermercados, panader\u00edas,\nmercados, centros de abastecimiento, distribuci\u00f3n, producci\u00f3n de alimentos y\nlos que provean los insumos y servicios log\u00edsticos para ellos, entre otros\nmencionados en tal resoluci\u00f3n.<\/p>\n\n\n\n<p>\u201cEntendemos con este proyecto\nde resoluci\u00f3n que lo que se debe hacer por parte del Estado es entregarle una\nasignaci\u00f3n de recursos por estas funciones que est\u00e1n ejerciendo y, adem\u00e1s, un\nseguro de vida ya que se est\u00e1 exponiendo la vida de estos funcionarios en los\ndistintos sectores que siguen mediante este trabajo excepcional para que as\u00ed\nlas personas puedan continuar con su ritmo m\u00ednimo de vida\u201d, manifest\u00f3 Bianchi.<\/p>\n\n\n\n<p>Afirma tambi\u00e9n que este\nproyecto se enfoca en la necesidad de crear estabilidad financiera en personas\nque exponen su vida para recuperar la salud de todos los habitantes del pa\u00eds y\na los que hacen posible que se sigan suministrando servicios imprescindibles\npara el buen funcionamiento de las ciudades.<\/p>\n\n\n\n<p>As\u00ed, la propuesta considera\nque, dadas las circunstancias particulares de pandemia, las labores que\ndesempe\u00f1an los funcionarios de instituciones que no pueden paralizar sus\nactividades deben ser consideradas como \u201crelevantes y estrat\u00e9gicas\u201d.<\/p>\n\n\n\n<p>De igual manera, el diputado\nmagall\u00e1nico aclara que, si bien esta asignaci\u00f3n es otorgada s\u00f3lo a funcionarios\nde planta y a contrata de los servicios p\u00fablicos, el proyecto de resoluci\u00f3n considera\nque no se deben hacer distinciones en cuanto al r\u00e9gimen de contrataci\u00f3n para\notorgar el incentivo econ\u00f3mico.<\/p>\n\n\n\n<p>\u201cEsperamos que el Ejecutivo\nvalore esta voluntad que ha tenido el Congreso Nacional expresada con amplia\nmayor\u00eda, para tomar este proyecto y darles a estas personas que hoy se est\u00e1n\nentregando al pa\u00eds, una mayor tranquilidad, mayor seguridad y adem\u00e1s un\nincentivo por lo que est\u00e1n realizando\u201d, concluy\u00f3.<\/p>\n","protected":false},"excerpt":{"rendered":"<p>La C\u00e1mara de Diputados aprob\u00f3 el proyecto de resoluci\u00f3n del parlamentario, el que solicita al presidente Pi\u00f1era otorgar una asignaci\u00f3n por el desempe\u00f1o de funciones cr\u00edticas y un seguro de&#8230; <a class=\"read-more\" href=\"https:\/\/www.radiopresidenteibanez.cl\/web\/se-aprueba-proyecto-del-diputado-bianchi-para-entregar-asignacion-y-seguro-de-vida-a-quienes-desempenen-funciones-esenciales\/\">Leer m\u00e1s<\/a><\/p>\n","protected":false},"author":2,"featured_media":5567,"comment_status":"closed","ping_status":"closed","sticky":false,"template":"","format":"standard","meta":{"footnotes":""},"categories":[1],"tags":[],"class_list":["post-11318","post","type-post","status-publish","format-standard","has-post-thumbnail","hentry","category-cronica"],"_links":{"self":[{"href":"https:\/\/www.radiopresidenteibanez.cl\/web\/wp-json\/wp\/v2\/posts\/11318","targetHints":{"allow":["GET"]}}],"collection":[{"href":"https:\/\/www.radiopresidenteibanez.cl\/web\/wp-json\/wp\/v2\/posts"}],"about":[{"href":"https:\/\/www.radiopresidenteibanez.cl\/web\/wp-json\/wp\/v2\/types\/post"}],"author":[{"embeddable":true,"href":"https:\/\/www.radiopresidenteibanez.cl\/web\/wp-json\/wp\/v2\/users\/2"}],"replies":[{"embeddable":true,"href":"https:\/\/www.radiopresidenteibanez.cl\/web\/wp-json\/wp\/v2\/comments?post=11318"}],"version-history":[{"count":0,"href":"https:\/\/www.radiopresidenteibanez.cl\/web\/wp-json\/wp\/v2\/posts\/11318\/revisions"}],"wp:featuredmedia":[{"embeddable":true,"href":"https:\/\/www.radiopresidenteibanez.cl\/web\/wp-json\/wp\/v2\/media\/5567"}],"wp:attachment":[{"href":"https:\/\/www.radiopresidenteibanez.cl\/web\/wp-json\/wp\/v2\/media?parent=11318"}],"wp:term":[{"taxonomy":"category","embeddable":true,"href":"https:\/\/www.radiopresidenteibanez.cl\/web\/wp-json\/wp\/v2\/categories?post=11318"},{"taxonomy":"post_tag","embeddable":true,"href":"https:\/\/www.radiopresidenteibanez.cl\/web\/wp-json\/wp\/v2\/tags?post=11318"}],"curies":[{"name":"wp","href":"https:\/\/api.w.org\/{rel}","templated":true}]}}