{"id":11313,"date":"2020-04-23T13:53:53","date_gmt":"2020-04-23T13:53:53","guid":{"rendered":"https:\/\/www.radiopresidenteibanez.cl\/web\/?p=11313"},"modified":"2020-04-23T13:54:01","modified_gmt":"2020-04-23T13:54:01","slug":"core-aprobo-traspaso-de-2-314-millones-del-fndr-para-ayudas-sociales-y-emergencias-derivadas-del-covid-19","status":"publish","type":"post","link":"https:\/\/www.radiopresidenteibanez.cl\/web\/core-aprobo-traspaso-de-2-314-millones-del-fndr-para-ayudas-sociales-y-emergencias-derivadas-del-covid-19\/","title":{"rendered":"CORE APROB\u00d3 TRASPASO DE 2.314 MILLONES DEL FNDR PARA AYUDAS SOCIALES Y EMERGENCIAS DERIVADAS DEL COVID-19"},"content":{"rendered":"\n<p>El\nConsejo Regional de Magallanes y de la Ant\u00e1rtica Chilena aprob\u00f3 este mi\u00e9rcoles\ntraspasar a la Subsecretar\u00eda del Interior 2.314 millones 916 mil pesos\nprovenientes del 5% FNDR destinado a Emergencias o Cat\u00e1strofes con la finalidad de responder a\nuna alta demanda de ayudas asistenciales que ser\u00e1n debidamente calificadas y\nque surgen producto de la situaci\u00f3n de emergencia generada por la pandemia\nCOVID-19. <\/p>\n\n\n\n<p>Seg\u00fan coment\u00f3 el presidente de\nla comisi\u00f3n Presupuesto, Ram\u00f3n Lobos, el CORE viene trabajando en tres aspectos\nfundamentales desde que el primer d\u00eda que lleg\u00f3 la pandemia y se instal\u00f3 en la\nregi\u00f3n \u201cprimero en todo lo que tiene que ver con atenci\u00f3n sanitaria para lo cual\nel primero de abril se aprob\u00f3 traspasar al servicio de Salud de Magallanes m\u00e1s de\n4 mil millones de pesos que permitan enfrentar de manera local esta emergencia y\nbrindar atenci\u00f3n a los afectados. En segundo lugar hoy aseguramos fondos para que\nen el mediano plazo tengan soluci\u00f3n los problemas de tipo social. Hubo\ndiferencias en cuanto a que incluir pero en lo gen\u00e9rico se trata de pedir estos\nrecursos ahora para que durante el tiempo que demoren en llegar se realice un\nestudio concienzudo que establezca los tipos de ayuda en termino de equidad\nterritorial. Tercero, estamos trabajando para que los dineros regionales que\nquedan para ejecutar este a\u00f1o sean enfocados para proyectos que promuevan mano\nde obra y ofrezcan la posibilidad de generar empleo ya&nbsp; que como regi\u00f3n es la \u00fanica posibilidad que\ntenemos de salir adelante y estructurar un desarrollo a partir de lo que deje\ncomo da\u00f1o el COVID- 19 tanto en las personas como en nuestra econom\u00eda\u201d, detall\u00f3\nel consejero Lobos. <\/p>\n\n\n\n<p>Por su parte el presidente del\nCORE, Alejandro Kusanovic, se mostr\u00f3 satisfecho con la aprobaci\u00f3n del traspaso\nde recursos providentes del 5% FNDR \u201cme parece que la preocupaci\u00f3n de todo el\nConsejo Regional es que se haga un buen uso de estos recursos y que no existan\nproblemas como ya ha sucedido y para ello esperamos que el Intendente forme una\ncomisi\u00f3n especial&nbsp; a fin de que sean\ndestinados a temas sociales que es el objetivo de esta glosa presupuestaria\u201d,\nconcluy\u00f3.&nbsp;&nbsp; <\/p>\n","protected":false},"excerpt":{"rendered":"<p>El Consejo Regional de Magallanes y de la Ant\u00e1rtica Chilena aprob\u00f3 este mi\u00e9rcoles traspasar a la Subsecretar\u00eda del Interior 2.314 millones 916 mil pesos provenientes del 5% FNDR destinado a&#8230; <a class=\"read-more\" href=\"https:\/\/www.radiopresidenteibanez.cl\/web\/core-aprobo-traspaso-de-2-314-millones-del-fndr-para-ayudas-sociales-y-emergencias-derivadas-del-covid-19\/\">Leer m\u00e1s<\/a><\/p>\n","protected":false},"author":2,"featured_media":11314,"comment_status":"closed","ping_status":"closed","sticky":false,"template":"","format":"standard","meta":{"footnotes":""},"categories":[1],"tags":[],"class_list":["post-11313","post","type-post","status-publish","format-standard","has-post-thumbnail","hentry","category-cronica"],"_links":{"self":[{"href":"https:\/\/www.radiopresidenteibanez.cl\/web\/wp-json\/wp\/v2\/posts\/11313","targetHints":{"allow":["GET"]}}],"collection":[{"href":"https:\/\/www.radiopresidenteibanez.cl\/web\/wp-json\/wp\/v2\/posts"}],"about":[{"href":"https:\/\/www.radiopresidenteibanez.cl\/web\/wp-json\/wp\/v2\/types\/post"}],"author":[{"embeddable":true,"href":"https:\/\/www.radiopresidenteibanez.cl\/web\/wp-json\/wp\/v2\/users\/2"}],"replies":[{"embeddable":true,"href":"https:\/\/www.radiopresidenteibanez.cl\/web\/wp-json\/wp\/v2\/comments?post=11313"}],"version-history":[{"count":0,"href":"https:\/\/www.radiopresidenteibanez.cl\/web\/wp-json\/wp\/v2\/posts\/11313\/revisions"}],"wp:featuredmedia":[{"embeddable":true,"href":"https:\/\/www.radiopresidenteibanez.cl\/web\/wp-json\/wp\/v2\/media\/11314"}],"wp:attachment":[{"href":"https:\/\/www.radiopresidenteibanez.cl\/web\/wp-json\/wp\/v2\/media?parent=11313"}],"wp:term":[{"taxonomy":"category","embeddable":true,"href":"https:\/\/www.radiopresidenteibanez.cl\/web\/wp-json\/wp\/v2\/categories?post=11313"},{"taxonomy":"post_tag","embeddable":true,"href":"https:\/\/www.radiopresidenteibanez.cl\/web\/wp-json\/wp\/v2\/tags?post=11313"}],"curies":[{"name":"wp","href":"https:\/\/api.w.org\/{rel}","templated":true}]}}