{"id":11308,"date":"2020-04-22T21:47:25","date_gmt":"2020-04-22T21:47:25","guid":{"rendered":"https:\/\/www.radiopresidenteibanez.cl\/web\/?p=11308"},"modified":"2020-04-22T21:47:32","modified_gmt":"2020-04-22T21:47:32","slug":"iva-brigada-aerea-traslado-a-pacientes-recuperados-de-covid-19-de-regreso-a-puerto-williams","status":"publish","type":"post","link":"https:\/\/www.radiopresidenteibanez.cl\/web\/iva-brigada-aerea-traslado-a-pacientes-recuperados-de-covid-19-de-regreso-a-puerto-williams\/","title":{"rendered":"IV\u00aa BRIGADA A\u00c9REA TRASLAD\u00d3 A PACIENTES RECUPERADOS DE COVID-19 DE REGRESO A PUERTO WILLIAMS"},"content":{"rendered":"\n<p>Una\ntripulaci\u00f3n del Grupo de Aviaci\u00f3n N\u00b06 de la IV<strong>\u00aa<\/strong> Brigada A\u00e9rea realiz\u00f3 el traslado de pacientes recuperados de\nCOVID-19, quienes pudieron retornar a sus hogares en Puerto Williams, tras\nhaber recibido atenci\u00f3n m\u00e9dica en el Hospital Cl\u00ednico Magallanes (HCM) de Punta\nArenas.<\/p>\n\n\n\n<p>Las\npersonas fueron trasladadas a bordo de una aeronave DHC-6 Twin Otter, que\ndespeg\u00f3 desde la Base A\u00e9rea Chabunco a las 10.31 hora local, arribando al\nAer\u00f3dromo Guardiamarina Za\u00f1artu de la capital de la Provincia Ant\u00e1rtica.<\/p>\n\n\n\n<p>\u00abEs\nun apoyo tremendo, especialmente por la situaci\u00f3n que estamos viviendo como\npa\u00eds, as\u00ed que estoy muy agradecida de la Fuerza A\u00e9rea de Chile\u00bb, expres\u00f3\nSilvia Mej\u00eda, quien junto a su hija de pocos meses recibieron el alta m\u00e9dica.<\/p>\n\n\n\n<p>El vuelo\ntambi\u00e9n traslad\u00f3 insumos e implementos m\u00e9dicos que permitir\u00e1n seguir reforzando\nlas atenciones de Salud en la comunidad de Puerto Williams.<\/p>\n\n\n\n<p>La IV<strong>\u00aa<\/strong> Brigada A\u00e9rea contin\u00faa su despliegue\nal servicio de la regi\u00f3n de Magallanes y la Ant\u00e1rtica Chilena, apoyando las\nmedidas sanitarias dispuestas por las autoridades para contener la expansi\u00f3n de\nCOVID-19 en la poblaci\u00f3n.<\/p>\n","protected":false},"excerpt":{"rendered":"<p>Una tripulaci\u00f3n del Grupo de Aviaci\u00f3n N\u00b06 de la IV\u00aa Brigada A\u00e9rea realiz\u00f3 el traslado de pacientes recuperados de COVID-19, quienes pudieron retornar a sus hogares en Puerto Williams, tras&#8230; <a class=\"read-more\" href=\"https:\/\/www.radiopresidenteibanez.cl\/web\/iva-brigada-aerea-traslado-a-pacientes-recuperados-de-covid-19-de-regreso-a-puerto-williams\/\">Leer m\u00e1s<\/a><\/p>\n","protected":false},"author":2,"featured_media":11310,"comment_status":"closed","ping_status":"closed","sticky":false,"template":"","format":"standard","meta":{"footnotes":""},"categories":[1],"tags":[],"class_list":["post-11308","post","type-post","status-publish","format-standard","has-post-thumbnail","hentry","category-cronica"],"_links":{"self":[{"href":"https:\/\/www.radiopresidenteibanez.cl\/web\/wp-json\/wp\/v2\/posts\/11308","targetHints":{"allow":["GET"]}}],"collection":[{"href":"https:\/\/www.radiopresidenteibanez.cl\/web\/wp-json\/wp\/v2\/posts"}],"about":[{"href":"https:\/\/www.radiopresidenteibanez.cl\/web\/wp-json\/wp\/v2\/types\/post"}],"author":[{"embeddable":true,"href":"https:\/\/www.radiopresidenteibanez.cl\/web\/wp-json\/wp\/v2\/users\/2"}],"replies":[{"embeddable":true,"href":"https:\/\/www.radiopresidenteibanez.cl\/web\/wp-json\/wp\/v2\/comments?post=11308"}],"version-history":[{"count":0,"href":"https:\/\/www.radiopresidenteibanez.cl\/web\/wp-json\/wp\/v2\/posts\/11308\/revisions"}],"wp:featuredmedia":[{"embeddable":true,"href":"https:\/\/www.radiopresidenteibanez.cl\/web\/wp-json\/wp\/v2\/media\/11310"}],"wp:attachment":[{"href":"https:\/\/www.radiopresidenteibanez.cl\/web\/wp-json\/wp\/v2\/media?parent=11308"}],"wp:term":[{"taxonomy":"category","embeddable":true,"href":"https:\/\/www.radiopresidenteibanez.cl\/web\/wp-json\/wp\/v2\/categories?post=11308"},{"taxonomy":"post_tag","embeddable":true,"href":"https:\/\/www.radiopresidenteibanez.cl\/web\/wp-json\/wp\/v2\/tags?post=11308"}],"curies":[{"name":"wp","href":"https:\/\/api.w.org\/{rel}","templated":true}]}}