{"id":11305,"date":"2020-04-22T21:45:02","date_gmt":"2020-04-22T21:45:02","guid":{"rendered":"https:\/\/www.radiopresidenteibanez.cl\/web\/?p=11305"},"modified":"2020-04-22T21:45:09","modified_gmt":"2020-04-22T21:45:09","slug":"estudio-posiciona-a-unimarc-como-la-marca-que-mejor-ha-reaccionado-ante-la-emergencia-sanitaria","status":"publish","type":"post","link":"https:\/\/www.radiopresidenteibanez.cl\/web\/estudio-posiciona-a-unimarc-como-la-marca-que-mejor-ha-reaccionado-ante-la-emergencia-sanitaria\/","title":{"rendered":"ESTUDIO POSICIONA A UNIMARC COMO LA MARCA QUE MEJOR HA REACCIONADO ANTE LA EMERGENCIA SANITARIA"},"content":{"rendered":"\n<p>Unimarc\nfue reconocida como la marca que <strong>mejor\nha reaccionado a la emergencia sanitaria del Covid-19 y que ha sorprendido m\u00e1s\npositivamente por su apoyo a la comunidad\u201d. <\/strong>As\u00ed lo se\u00f1ala una reciente\ninvestigaci\u00f3n realizada por la consultora especialista en estudios de mercado <strong>Kantar en su divisi\u00f3n\nde Insight<\/strong>, la cual posicion\u00f3\na Unimarc en el primer lugar\nde las preferencias con un 29%; seguida por WOM, con un 24%; y Entel, con un 23%.<\/p>\n\n\n\n<p>Desde\nel inicio de la emergencia sanitaria, el compromiso y principal desaf\u00edo de\nUnimarc, ha sido proteger la salud de sus colaboradores y clientes,\ngarantizando el abastecimiento en sus tiendas\nde todo el pa\u00eds y la sostenibilidad de su operaci\u00f3n, lo cual ha sido percibido\ny valorado por los chilenos.<\/p>\n\n\n\n<p>Al\nrespecto, el gerente corporativo de Clientes y Marketing de SMU, matriz de\nUnimarc, Tom\u00e1s Durandeau, valor\u00f3 el reconocimiento y destac\u00f3 que es fruto del\ntrabajo y esfuerzo diario que realizan los miles de colaboradores de la compa\u00f1\u00eda\nde Arica a Punta Arenas.\n\u201c<strong><em>Es una buena noticia que\nrecibimos con humildad y se la dedicamos a los trabajadores de Unimarc de todo\nel pa\u00eds. Son ellos quienes, d\u00eda a d\u00eda, ponen su m\u00e1ximo esfuerzo y compromiso\npara atender y sorprender a nuestros clientes<\/em><\/strong>\u201d, se\u00f1al\u00f3.<\/p>\n\n\n\n<p>Entre\nlas medidas adoptadas por Unimarc en el marco de la emergencia sanitaria se\nencuentran la implementaci\u00f3n de <strong>horarios responsables<\/strong>, dos jornadas de atenci\u00f3n a p\u00fablico, con un espacio\nentre 14:30 y 16:00 horas para una limpieza y sanitizaci\u00f3n profunda del\nlocal y cambio de turno de trabajadores, que no se cruzan entre s\u00ed.<\/p>\n\n\n\n<p>A\nesta iniciativa se suman otras medidas como el <strong>acceso preferencial a funcionarios de la salud<\/strong>, primera hora de atenci\u00f3n\nexclusiva para <strong>embarazadas, personas\ncon movilidad reducida\ny adultos mayores<\/strong>, adem\u00e1s\nde <strong>descuentos profundos y exclusivos <\/strong>para\nestos \u00faltimos, la instalaci\u00f3n de <strong>acr\u00edlicos\nde seguridad en zonas de cajas <\/strong>para protecci\u00f3n de colaboradores, la <strong>incorporaci\u00f3n de se\u00f1al\u00e9tica para una\ndistancia adecuada entre las personas<\/strong>, la <strong>solicitud de mascarillas <\/strong>para colaboradores y clientes y la t<strong>oma de temperatura a colaboradores al\ningreso de su jornada laboral.<\/strong><\/p>\n\n\n\n<p>Los\nresultados de Kantar son coincidentes con los recopilados por Unidata, filial\nde SMU, en un estudio espec\u00edfico realizado a clientes de la cadena, quienes\nse\u00f1alan estar altamente informados sobre las medidas sanitarias implementadas\npor Unimarc, y <strong>sobre el 90% de \u00e9stos,\nsentirse <\/strong>\u2013adem\u00e1s\u2013 \u201cMuy seguro\u201d o \u201cAlgo seguro\u201d al comprar en esta cadena.<\/p>\n","protected":false},"excerpt":{"rendered":"<p>Unimarc fue reconocida como la marca que mejor ha reaccionado a la emergencia sanitaria del Covid-19 y que ha sorprendido m\u00e1s positivamente por su apoyo a la comunidad\u201d. As\u00ed lo&#8230; <a class=\"read-more\" href=\"https:\/\/www.radiopresidenteibanez.cl\/web\/estudio-posiciona-a-unimarc-como-la-marca-que-mejor-ha-reaccionado-ante-la-emergencia-sanitaria\/\">Leer m\u00e1s<\/a><\/p>\n","protected":false},"author":2,"featured_media":11306,"comment_status":"closed","ping_status":"closed","sticky":false,"template":"","format":"standard","meta":{"footnotes":""},"categories":[1],"tags":[],"class_list":["post-11305","post","type-post","status-publish","format-standard","has-post-thumbnail","hentry","category-cronica"],"_links":{"self":[{"href":"https:\/\/www.radiopresidenteibanez.cl\/web\/wp-json\/wp\/v2\/posts\/11305","targetHints":{"allow":["GET"]}}],"collection":[{"href":"https:\/\/www.radiopresidenteibanez.cl\/web\/wp-json\/wp\/v2\/posts"}],"about":[{"href":"https:\/\/www.radiopresidenteibanez.cl\/web\/wp-json\/wp\/v2\/types\/post"}],"author":[{"embeddable":true,"href":"https:\/\/www.radiopresidenteibanez.cl\/web\/wp-json\/wp\/v2\/users\/2"}],"replies":[{"embeddable":true,"href":"https:\/\/www.radiopresidenteibanez.cl\/web\/wp-json\/wp\/v2\/comments?post=11305"}],"version-history":[{"count":0,"href":"https:\/\/www.radiopresidenteibanez.cl\/web\/wp-json\/wp\/v2\/posts\/11305\/revisions"}],"wp:featuredmedia":[{"embeddable":true,"href":"https:\/\/www.radiopresidenteibanez.cl\/web\/wp-json\/wp\/v2\/media\/11306"}],"wp:attachment":[{"href":"https:\/\/www.radiopresidenteibanez.cl\/web\/wp-json\/wp\/v2\/media?parent=11305"}],"wp:term":[{"taxonomy":"category","embeddable":true,"href":"https:\/\/www.radiopresidenteibanez.cl\/web\/wp-json\/wp\/v2\/categories?post=11305"},{"taxonomy":"post_tag","embeddable":true,"href":"https:\/\/www.radiopresidenteibanez.cl\/web\/wp-json\/wp\/v2\/tags?post=11305"}],"curies":[{"name":"wp","href":"https:\/\/api.w.org\/{rel}","templated":true}]}}