{"id":11299,"date":"2020-04-22T21:35:40","date_gmt":"2020-04-22T21:35:40","guid":{"rendered":"https:\/\/www.radiopresidenteibanez.cl\/web\/?p=11299"},"modified":"2020-04-22T21:35:46","modified_gmt":"2020-04-22T21:35:46","slug":"en-magallanes-residencias-sanitarias-permiten-cuarentena-efectiva-para-casos-confirmados-covid_19","status":"publish","type":"post","link":"https:\/\/www.radiopresidenteibanez.cl\/web\/en-magallanes-residencias-sanitarias-permiten-cuarentena-efectiva-para-casos-confirmados-covid_19\/","title":{"rendered":"EN MAGALLANES RESIDENCIAS SANITARIAS PERMITEN CUARENTENA EFECTIVA PARA CASOS CONFIRMADOS COVID_19"},"content":{"rendered":"\n<p>El pasado 25 de\nmarzo, la estrategia de Residencias Sanitarias debut\u00f3 en Magallanes, con el\ningreso de 3 personas a uno de los dispositivos contratados para estos efectos,\ndesde esa fecha han ingresado un total de 45 personas, registr\u00e1ndose 20 egresos\nal 21 de abril.<\/p>\n\n\n\n<p>Respecto de la\nimplementaci\u00f3n de esta estrategia en Magallanes, el director del Servicio de\nSalud, Nelson Reyes Silva, se\u00f1al\u00f3 que, \u201cesta tiene por objetivo el contribuir\nal control de la curva de contagio por COVID_19, facilitando la realizaci\u00f3n de\ncuarentenas efectivas para personas confirmadas como positivas que, por\ndiversos motivos no pueden realizar el aislamiento en sus domicilios y a la vez,\ngarantizar la instrucci\u00f3n de aislamiento indicada por el profesional m\u00e9dico, de\nacuerdo a protocolos de la autoridad sanitaria\u201d.<\/p>\n\n\n\n<p>De igual forma, la\nautoridad de salud coment\u00f3 que la estrategia se ha implementado en las cuatro\ncapitales provinciales de la regi\u00f3n, contando con disponibilidad en Punta\nArenas, Puerto Natales, Porvenir y Puerto Williams. \u201cAl 22 de abril contamos\ncon un total de 193 habitaciones en la regi\u00f3n de Magallanes, de las cuales 111\nse ubican en Punta Arenas, 22 en Puerto Natales, 24 en Porvenir y 36 en Puerto\nWilliams; respecto de la ocupaci\u00f3n, esta llega actualmente a 21 habitaciones en\nPunta Arenas, 3 en Puerto Natales y 1 en Porvenir\u201d, puntualiz\u00f3.<\/p>\n\n\n\n<p>Una de las usuarias que\nactualmente se encuentran en esta modalidad es Violeta Cabello, quien fue\ningresada el d\u00eda 9 de abril, considerando que junto a su pareja no tienen\nmayores redes en Magallanes y, \u00e9l fue ingresado previamente en el Hospital\nCl\u00ednico. \u201cEn la residencia mi experiencia ha sido muy buena hasta el momento,\nporque a\u00fan no termino, aqu\u00ed te visitan en la ma\u00f1ana y en la tarde el personal\nde salud, donde te toman todos tus signos vitales y van viendo tu evoluci\u00f3n, si\nvas teniendo m\u00e1s complicaciones o estas pasando bien este periodo; lo que son\ncomidas y cosas de aseo, te golpean la puerta y cuando abres ya no hay nadie,\nuno no puede salir de la pieza y la habitaci\u00f3n tiene todas las comodidades,\nba\u00f1o, televisi\u00f3n, cable, internet\u201d, relata.<\/p>\n\n\n\n<p>Violeta, agradece la\natenci\u00f3n recibida y la posibilidad de contar con el espacio adecuado para poder\ndar cumplimiento a su periodo de cuarentena. \u201cLa experiencia ha sido muy buena,\nla gente es muy atenta con uno, los funcionarios de salud nada que decir, al contrario,\ncon gran disponibilidad, altiro si uno llama o los necesita, y si uno se siente\nmal ellos aparecen inmediatamente\u201d, indica finalmente. <\/p>\n\n\n\n<p>Respecto de la\ncoordinaci\u00f3n y organizaci\u00f3n de la estrategia en la regi\u00f3n, el director del servicio,\nagrega que para que una persona pueda acceder a esta modalidad, es el equipo cl\u00ednico\ndel establecimiento de salud quien realiza una solicitud de ingreso a\nresidencia sanitaria al equipo gestor del Servicio, en atenci\u00f3n a criterios de\ningreso previamente establecidos y, una vez aprobada la solicitud, el establecimiento\nes el encargo de efectuar el traslado del paciente a la residencia.<\/p>\n\n\n\n<p>Comentar que cuando\nuna residencia esta activa, cuenta con profesional enfermera y un 4to turno de\nTENS (24\/7), a fin de realizar evaluaciones constantes a los residentes y, adem\u00e1s,\nde ser necesario y requerido por el equipo cl\u00ednico, desde el Departamento de\nSalud Mental, se coordina la contenci\u00f3n psicol\u00f3gica para residentes.<\/p>\n","protected":false},"excerpt":{"rendered":"<p>El pasado 25 de marzo, la estrategia de Residencias Sanitarias debut\u00f3 en Magallanes, con el ingreso de 3 personas a uno de los dispositivos contratados para estos efectos, desde esa&#8230; <a class=\"read-more\" href=\"https:\/\/www.radiopresidenteibanez.cl\/web\/en-magallanes-residencias-sanitarias-permiten-cuarentena-efectiva-para-casos-confirmados-covid_19\/\">Leer m\u00e1s<\/a><\/p>\n","protected":false},"author":2,"featured_media":11300,"comment_status":"closed","ping_status":"closed","sticky":false,"template":"","format":"standard","meta":{"footnotes":""},"categories":[1],"tags":[],"class_list":["post-11299","post","type-post","status-publish","format-standard","has-post-thumbnail","hentry","category-cronica"],"_links":{"self":[{"href":"https:\/\/www.radiopresidenteibanez.cl\/web\/wp-json\/wp\/v2\/posts\/11299","targetHints":{"allow":["GET"]}}],"collection":[{"href":"https:\/\/www.radiopresidenteibanez.cl\/web\/wp-json\/wp\/v2\/posts"}],"about":[{"href":"https:\/\/www.radiopresidenteibanez.cl\/web\/wp-json\/wp\/v2\/types\/post"}],"author":[{"embeddable":true,"href":"https:\/\/www.radiopresidenteibanez.cl\/web\/wp-json\/wp\/v2\/users\/2"}],"replies":[{"embeddable":true,"href":"https:\/\/www.radiopresidenteibanez.cl\/web\/wp-json\/wp\/v2\/comments?post=11299"}],"version-history":[{"count":0,"href":"https:\/\/www.radiopresidenteibanez.cl\/web\/wp-json\/wp\/v2\/posts\/11299\/revisions"}],"wp:featuredmedia":[{"embeddable":true,"href":"https:\/\/www.radiopresidenteibanez.cl\/web\/wp-json\/wp\/v2\/media\/11300"}],"wp:attachment":[{"href":"https:\/\/www.radiopresidenteibanez.cl\/web\/wp-json\/wp\/v2\/media?parent=11299"}],"wp:term":[{"taxonomy":"category","embeddable":true,"href":"https:\/\/www.radiopresidenteibanez.cl\/web\/wp-json\/wp\/v2\/categories?post=11299"},{"taxonomy":"post_tag","embeddable":true,"href":"https:\/\/www.radiopresidenteibanez.cl\/web\/wp-json\/wp\/v2\/tags?post=11299"}],"curies":[{"name":"wp","href":"https:\/\/api.w.org\/{rel}","templated":true}]}}