{"id":11296,"date":"2020-04-22T21:30:08","date_gmt":"2020-04-22T21:30:08","guid":{"rendered":"https:\/\/www.radiopresidenteibanez.cl\/web\/?p=11296"},"modified":"2020-04-22T21:30:14","modified_gmt":"2020-04-22T21:30:14","slug":"pueblo-artesanal-de-natales-realizo-donacion-de-canastas-familiares-para-familias-mas-vulnerables","status":"publish","type":"post","link":"https:\/\/www.radiopresidenteibanez.cl\/web\/pueblo-artesanal-de-natales-realizo-donacion-de-canastas-familiares-para-familias-mas-vulnerables\/","title":{"rendered":"PUEBLO ARTESANAL DE NATALES REALIZ\u00d3 DONACI\u00d3N DE CANASTAS FAMILIARES PARA FAMILIAS M\u00c1S VULNERABLES"},"content":{"rendered":"\n<p>La llegada\ndel Covid-19 a nuestro pa\u00eds, sin duda afect\u00f3 a muchas personas, no s\u00f3lo en lo\nreferido a temas de salud, sino que tambi\u00e9n cambi\u00f3 radicalmente los modos de\ntrabajar y poder ganarse la vida. Esto provoc\u00f3 que muchas familias actualmente\nest\u00e9n pasando por momentos dif\u00edciles, especialmente las m\u00e1s vulnerables al no\nrecibir de manera segura un ingreso que les permita afrontar esta situaci\u00f3n.<\/p>\n\n\n\n<p>Por tal raz\u00f3n fue que los\nartesanos del pueblo artesanal Etherh Aike de Puerto Natales decidieron llevar\na cabo una iniciativa que don\u00f3 20 canastas familiares que fueron en ayuda de\nlas familias m\u00e1s necesitadas, con el fin de apoyarlos en estos dif\u00edciles\nmomentos, as\u00ed lo manifest\u00f3 el administrador del pueblo artesanal, Javier Torres\nal se\u00f1alar que \u201cnosotros junto a los artesanos nos reunimos y optamos\npor hacer un peque\u00f1o aporte para la gente que m\u00e1s lo necesita en estos momentos,\nsabemos que no vamos a solucionar el problema, pero queremos dar un primer paso\npara ver si as\u00ed otros gremios se pueden sumar y cooperar como lo est\u00e1 haciendo este\npueblo artesanal, ya que todo suma\u201d.<\/p>\n\n\n\n<p>Quien se mostr\u00f3 muy\ncontento por esta donaci\u00f3n fue el Gobernador Ra\u00fal Suazo, pues se\u00f1al\u00f3 que \u201cestamos muy\nagradecidos por esta iniciativa que nace a partir de los integrantes del pueblo\nartesanal, porque ac\u00e1 estamos hablando de gente con mucha conciencia social que\nha querido dar un gesto importante hacia los m\u00e1s necesitados, sabemos que hoy\nd\u00eda la gente que trabaja vinculada al sector de la artesan\u00eda no est\u00e1n pasando\nun buen momento y aun as\u00ed, ellos quisieron dar esta se\u00f1al y esta tremenda ayuda\u201d.\n<\/p>\n\n\n\n<p>Por su parte, el edil\nnatalino, Fernando Paredes, valor\u00f3 mucho esta donaci\u00f3n pues habla de la\nsolidaridad de las personas ante este tipo de situaciones, al respecto coment\u00f3\nque \u201cme gustar\u00eda decir que estos son los gestos que son dignos de imitar, los\nartesanos del pueblo artesanal Etherh Aike, que no est\u00e1n pasando por un buen\nmomento, nos est\u00e1n dando un gran ejemplo, que yo como alcalde p\u00fablicamente\nquiero agradecer, ya que en los momentos dif\u00edciles es donde aflora la\nsolidaridad del pueblo de Natales y en eso siento que muestras como las que hoy\nd\u00eda estamos presenciando, seguramente vamos a seguir vi\u00e9ndolas en los pr\u00f3ximos\nd\u00edas\u201d. <\/p>\n\n\n\n<p>Finalmente, estas 20 canastas se\ndividieron en dos partes iguales, las que fueron administradas por los\ndepartamentos Sociales de la Gobernaci\u00f3n Provincial y la Municipalidad para ser\ndestinadas a las familias m\u00e1s vulnerables. <\/p>\n","protected":false},"excerpt":{"rendered":"<p>La llegada del Covid-19 a nuestro pa\u00eds, sin duda afect\u00f3 a muchas personas, no s\u00f3lo en lo referido a temas de salud, sino que tambi\u00e9n cambi\u00f3 radicalmente los modos de&#8230; <a class=\"read-more\" href=\"https:\/\/www.radiopresidenteibanez.cl\/web\/pueblo-artesanal-de-natales-realizo-donacion-de-canastas-familiares-para-familias-mas-vulnerables\/\">Leer m\u00e1s<\/a><\/p>\n","protected":false},"author":2,"featured_media":11297,"comment_status":"closed","ping_status":"closed","sticky":false,"template":"","format":"standard","meta":{"footnotes":""},"categories":[1],"tags":[],"class_list":["post-11296","post","type-post","status-publish","format-standard","has-post-thumbnail","hentry","category-cronica"],"_links":{"self":[{"href":"https:\/\/www.radiopresidenteibanez.cl\/web\/wp-json\/wp\/v2\/posts\/11296","targetHints":{"allow":["GET"]}}],"collection":[{"href":"https:\/\/www.radiopresidenteibanez.cl\/web\/wp-json\/wp\/v2\/posts"}],"about":[{"href":"https:\/\/www.radiopresidenteibanez.cl\/web\/wp-json\/wp\/v2\/types\/post"}],"author":[{"embeddable":true,"href":"https:\/\/www.radiopresidenteibanez.cl\/web\/wp-json\/wp\/v2\/users\/2"}],"replies":[{"embeddable":true,"href":"https:\/\/www.radiopresidenteibanez.cl\/web\/wp-json\/wp\/v2\/comments?post=11296"}],"version-history":[{"count":0,"href":"https:\/\/www.radiopresidenteibanez.cl\/web\/wp-json\/wp\/v2\/posts\/11296\/revisions"}],"wp:featuredmedia":[{"embeddable":true,"href":"https:\/\/www.radiopresidenteibanez.cl\/web\/wp-json\/wp\/v2\/media\/11297"}],"wp:attachment":[{"href":"https:\/\/www.radiopresidenteibanez.cl\/web\/wp-json\/wp\/v2\/media?parent=11296"}],"wp:term":[{"taxonomy":"category","embeddable":true,"href":"https:\/\/www.radiopresidenteibanez.cl\/web\/wp-json\/wp\/v2\/categories?post=11296"},{"taxonomy":"post_tag","embeddable":true,"href":"https:\/\/www.radiopresidenteibanez.cl\/web\/wp-json\/wp\/v2\/tags?post=11296"}],"curies":[{"name":"wp","href":"https:\/\/api.w.org\/{rel}","templated":true}]}}