{"id":11294,"date":"2020-04-22T21:27:04","date_gmt":"2020-04-22T21:27:04","guid":{"rendered":"https:\/\/www.radiopresidenteibanez.cl\/web\/?p=11294"},"modified":"2020-04-22T21:27:10","modified_gmt":"2020-04-22T21:27:10","slug":"caja-los-heroes-reabre-sus-puertas-en-punta-arenas","status":"publish","type":"post","link":"https:\/\/www.radiopresidenteibanez.cl\/web\/caja-los-heroes-reabre-sus-puertas-en-punta-arenas\/","title":{"rendered":"CAJA LOS H\u00c9ROES REABRE SUS PUERTAS EN PUNTA ARENAS"},"content":{"rendered":"\n<p>Luego de cumplir con todo el proceso de sanitizaci\u00f3n y tomar todas las medidas correspondientes para poder operar con normalidad, informamos que a partir de hoy a las 11:45 horas, la sucursal de Caja Los H\u00e9roes en Punta Arenas reabri\u00f3 sus puertas para atender a todos nuestros afiliados y pensionados.<\/p>\n\n\n\n<p>Es importante recalcar que esta re apertura s\u00f3lo fue posible luego de cumplir con todos los protocolos sanitarios para este tipo de casos, destacando la sanitizaci\u00f3n profunda de la sucursal cumpliendo con los procesos y plazos recomendados por especialistas, junto con el reemplazo del personal de Caja Los H\u00e9roes que estuvo en contacto con el potencial caso de Covid19, quienes actualmente se encuentran cumpliendo su periodo de cuarentena preventiva.<\/p>\n\n\n\n<p>Hacemos un llamado a todos nuestros afiliados y pensionados para que acudan en orden a nuestra sucursal para realizar sus tr\u00e1mites pendientes, evitando aglomeraciones y respetando todas las medidas de autocuidado, utilizando elementos de protecci\u00f3n personal y siguiendo las recomendaciones de distanciamiento y orden entre cada individuo.<\/p>\n\n\n\n<p>Recordamos que en Caja Los H\u00e9roes estamos siguiendo todas las recomendaciones de la autoridad para operar de forma segura durante la contingencia del Coronavirus, cuidando a nuestros colaboradores y usuarios. Es por esto por lo que, entre otras medidas, estamos realizando una sanitizaci\u00f3n constante en todas nuestras sucursales y permitiendo un m\u00e1ximo de 50 personas dentro del recinto, con el objetivo de mantener l\u00edmites de concentraci\u00f3n de personas en espacios cerrados.<\/p>\n\n\n\n<p>Para m\u00e1s informaci\u00f3n, invitamos a ingresar al&nbsp;sitio web&nbsp;<a href=\"http:\/\/www.losheroes.cl\/\" target=\"_blank\" rel=\"noreferrer noopener\">www.losheroes.cl<\/a>&nbsp;o llamar al call center 600 222 99 99<br><\/p>\n","protected":false},"excerpt":{"rendered":"<p>Luego de cumplir con todo el proceso de sanitizaci\u00f3n y tomar todas las medidas correspondientes para poder operar con normalidad, informamos que a partir de hoy a las 11:45 horas,&#8230; <a class=\"read-more\" href=\"https:\/\/www.radiopresidenteibanez.cl\/web\/caja-los-heroes-reabre-sus-puertas-en-punta-arenas\/\">Leer m\u00e1s<\/a><\/p>\n","protected":false},"author":2,"featured_media":11264,"comment_status":"closed","ping_status":"closed","sticky":false,"template":"","format":"standard","meta":{"footnotes":""},"categories":[1],"tags":[],"class_list":["post-11294","post","type-post","status-publish","format-standard","has-post-thumbnail","hentry","category-cronica"],"_links":{"self":[{"href":"https:\/\/www.radiopresidenteibanez.cl\/web\/wp-json\/wp\/v2\/posts\/11294","targetHints":{"allow":["GET"]}}],"collection":[{"href":"https:\/\/www.radiopresidenteibanez.cl\/web\/wp-json\/wp\/v2\/posts"}],"about":[{"href":"https:\/\/www.radiopresidenteibanez.cl\/web\/wp-json\/wp\/v2\/types\/post"}],"author":[{"embeddable":true,"href":"https:\/\/www.radiopresidenteibanez.cl\/web\/wp-json\/wp\/v2\/users\/2"}],"replies":[{"embeddable":true,"href":"https:\/\/www.radiopresidenteibanez.cl\/web\/wp-json\/wp\/v2\/comments?post=11294"}],"version-history":[{"count":0,"href":"https:\/\/www.radiopresidenteibanez.cl\/web\/wp-json\/wp\/v2\/posts\/11294\/revisions"}],"wp:featuredmedia":[{"embeddable":true,"href":"https:\/\/www.radiopresidenteibanez.cl\/web\/wp-json\/wp\/v2\/media\/11264"}],"wp:attachment":[{"href":"https:\/\/www.radiopresidenteibanez.cl\/web\/wp-json\/wp\/v2\/media?parent=11294"}],"wp:term":[{"taxonomy":"category","embeddable":true,"href":"https:\/\/www.radiopresidenteibanez.cl\/web\/wp-json\/wp\/v2\/categories?post=11294"},{"taxonomy":"post_tag","embeddable":true,"href":"https:\/\/www.radiopresidenteibanez.cl\/web\/wp-json\/wp\/v2\/tags?post=11294"}],"curies":[{"name":"wp","href":"https:\/\/api.w.org\/{rel}","templated":true}]}}