{"id":11278,"date":"2020-04-22T15:17:37","date_gmt":"2020-04-22T15:17:37","guid":{"rendered":"https:\/\/www.radiopresidenteibanez.cl\/web\/?p=11278"},"modified":"2020-04-22T15:17:42","modified_gmt":"2020-04-22T15:17:42","slug":"fundacion-teraike-invita-a-los-escolares-a-escribir-un-cuento-y-participar-en-su-concurso-jovenes-talentos-de-magallanes-500-anos-de-historia","status":"publish","type":"post","link":"https:\/\/www.radiopresidenteibanez.cl\/web\/fundacion-teraike-invita-a-los-escolares-a-escribir-un-cuento-y-participar-en-su-concurso-jovenes-talentos-de-magallanes-500-anos-de-historia\/","title":{"rendered":"FUNDACI\u00d3N TERAIKE INVITA A LOS ESCOLARES A ESCRIBIR UN CUENTO Y PARTICIPAR EN SU CONCURSO \u201cJ\u00d3VENES TALENTOS DE MAGALLANES: 500 A\u00d1OS DE HISTORIA\u201d"},"content":{"rendered":"\n<p>Aprovechar esta cuarentena para investigar y\nescribir es la invitaci\u00f3n que hace Fundaci\u00f3n Teraike que lanz\u00f3 en marzo la novena\nversi\u00f3n de su concurso escolar que busca que los estudiantes de la regi\u00f3n de\nMagallanes y la Ant\u00e1rtica chilena participen en la realizaci\u00f3n de un libro de\ncuentos, ya sea como escritores o ilustradores.<\/p>\n\n\n\n<p>El\ntiempo que algunos j\u00f3venes pasan en los smartphones y otras pantallas, hoy\npuede ser aprovechado para que investiguen sobre la historia de la regi\u00f3n,\nbusquen alguna situaci\u00f3n o personaje que les llame la atenci\u00f3n y se inspiren en\n\u00e9l para escribir un cuento. Tambi\u00e9n es el momento ideal para llamar por\ntel\u00e9fono a abuelos y bisabuelos y preguntarles sobre su historia familiar y la\nllegada de sus antepasados a la regi\u00f3n. Una conversaci\u00f3n que los mayores, que\ndeben estar aislados, hoy agradecer\u00e1n m\u00e1s que nunca. Quienes no tengan acceso a\nla tecnolog\u00eda podr\u00e1n escribir su cuento a mano, ya que Fundaci\u00f3n Teraike dar\u00e1\ntodas las facilidades para que ning\u00fan cuento quede fuera por falta de posibilidades.<\/p>\n\n\n\n<p>En\nesta primera etapa pueden participar escritores de 8 a 18 a\u00f1os quienes deber\u00e1n\nnarrar una historia sobre situaciones y\/o personajes, ficticios o reales, que\nfueron testigos o protagonistas de los \u00faltimos 500 a\u00f1os de la regi\u00f3n. El\nobjetivo es rescatar los hitos m\u00e1s transcendentales y tambi\u00e9n las peque\u00f1as\nhistorias de colonos, pueblos originarios y conquistadores y -especialmente-\nlas experiencias familiares, motivando a los estudiantes a investigar sobre sus\nantepasados y sus propias ra\u00edces. <\/p>\n\n\n\n<p>El\njurado para la etapa de escritura est\u00e1 formado por Rosamar\u00eda Solar, escritora\ninfantil, traductora y muse\u00f3loga de la regi\u00f3n; Esteban Cabezas, escritor\ninfantil y juvenil nacional; Guillermo Mimica C\u00e1rcamo, escritor regional de\namplia trayectoria y la directora de Fundaci\u00f3n Teraike, Mar\u00eda Teresa Palma\nMatetic.<\/p>\n\n\n\n<p>En\nuna segunda etapa, los cuentos ganadores ser\u00e1n ilustrados por escolares de\nentre 5 y 18 a\u00f1os. La fecha de inicio de la etapa de ilustraci\u00f3n a\u00fan no est\u00e1\ndefinida ya que depender\u00e1 de la vuelta a clases de los estudiantes que marcar\u00e1\nel termino de la etapa de escritura.<\/p>\n\n\n\n<p>Este\na\u00f1o, las obras ganadoras ser\u00e1n publicadas en el libro \u201c500 a\u00f1os de historia\u201d\nque conmemora la traves\u00eda liderada por Hernando de Magallanes invitando a\nreflexionar sobre lo que este hito signific\u00f3. El libro ser\u00e1 biling\u00fce y tendr\u00e1 una edici\u00f3n especial,\ncon el objetivo de que los cuentos e ilustraciones de los j\u00f3venes de Magallanes\npuedan llegar a distintos rincones del planeta, dando tambi\u00e9n una vuelta al\nmundo. El libro se donar\u00e1 a todos los establecimientos educacionales y\nbibliotecas p\u00fablicas de la regi\u00f3n, adem\u00e1s de estar disponible para la venta al\np\u00fablico nacional y extranjero.<\/p>\n\n\n\n<p>Adem\u00e1s\nde convertirse en los autores del libro \u201c500 a\u00f1os de historia\u201d los ganadores\nrecibir\u00e1n excelentes premios, como tablets, libros y materiales de arte, adem\u00e1s\nde experiencias educativas familiares gracias al aporte del Parque del\nEstrecho, DAP y la Armada de Chile. Las bases del concurso y la plataforma para\npostular est\u00e1n disponibles en www.fundacionteraike.cl.<\/p>\n\n\n\n<p>Para mayor informaci\u00f3n escribir a\ncontacto@fundacionteraike.cl<\/p>\n","protected":false},"excerpt":{"rendered":"<p>Aprovechar esta cuarentena para investigar y escribir es la invitaci\u00f3n que hace Fundaci\u00f3n Teraike que lanz\u00f3 en marzo la novena versi\u00f3n de su concurso escolar que busca que los estudiantes&#8230; <a class=\"read-more\" href=\"https:\/\/www.radiopresidenteibanez.cl\/web\/fundacion-teraike-invita-a-los-escolares-a-escribir-un-cuento-y-participar-en-su-concurso-jovenes-talentos-de-magallanes-500-anos-de-historia\/\">Leer m\u00e1s<\/a><\/p>\n","protected":false},"author":2,"featured_media":11279,"comment_status":"closed","ping_status":"closed","sticky":false,"template":"","format":"standard","meta":{"footnotes":""},"categories":[1],"tags":[],"class_list":["post-11278","post","type-post","status-publish","format-standard","has-post-thumbnail","hentry","category-cronica"],"_links":{"self":[{"href":"https:\/\/www.radiopresidenteibanez.cl\/web\/wp-json\/wp\/v2\/posts\/11278","targetHints":{"allow":["GET"]}}],"collection":[{"href":"https:\/\/www.radiopresidenteibanez.cl\/web\/wp-json\/wp\/v2\/posts"}],"about":[{"href":"https:\/\/www.radiopresidenteibanez.cl\/web\/wp-json\/wp\/v2\/types\/post"}],"author":[{"embeddable":true,"href":"https:\/\/www.radiopresidenteibanez.cl\/web\/wp-json\/wp\/v2\/users\/2"}],"replies":[{"embeddable":true,"href":"https:\/\/www.radiopresidenteibanez.cl\/web\/wp-json\/wp\/v2\/comments?post=11278"}],"version-history":[{"count":0,"href":"https:\/\/www.radiopresidenteibanez.cl\/web\/wp-json\/wp\/v2\/posts\/11278\/revisions"}],"wp:featuredmedia":[{"embeddable":true,"href":"https:\/\/www.radiopresidenteibanez.cl\/web\/wp-json\/wp\/v2\/media\/11279"}],"wp:attachment":[{"href":"https:\/\/www.radiopresidenteibanez.cl\/web\/wp-json\/wp\/v2\/media?parent=11278"}],"wp:term":[{"taxonomy":"category","embeddable":true,"href":"https:\/\/www.radiopresidenteibanez.cl\/web\/wp-json\/wp\/v2\/categories?post=11278"},{"taxonomy":"post_tag","embeddable":true,"href":"https:\/\/www.radiopresidenteibanez.cl\/web\/wp-json\/wp\/v2\/tags?post=11278"}],"curies":[{"name":"wp","href":"https:\/\/api.w.org\/{rel}","templated":true}]}}