{"id":11272,"date":"2020-04-22T02:27:43","date_gmt":"2020-04-22T02:27:43","guid":{"rendered":"https:\/\/www.radiopresidenteibanez.cl\/web\/?p=11272"},"modified":"2020-04-22T02:36:30","modified_gmt":"2020-04-22T02:36:30","slug":"siguen-audiencias-de-preparacion-para-juicio-oral-por-el-mega-fraude-en-carabineros-que-sobrepasa-los-28-mil-millones-de-pesos","status":"publish","type":"post","link":"https:\/\/www.radiopresidenteibanez.cl\/web\/siguen-audiencias-de-preparacion-para-juicio-oral-por-el-mega-fraude-en-carabineros-que-sobrepasa-los-28-mil-millones-de-pesos\/","title":{"rendered":"SIGUEN AUDIENCIAS DE PREPARACI\u00d3N PARA JUICIO ORAL POR EL MEGA FRAUDE EN CARABINEROS QUE SOBREPASA LOS 28 MIL MILLONES DE PESOS"},"content":{"rendered":"\n<p>Cabe recordar que la\netapa de preparaci\u00f3n del juicio oral hab\u00eda sido interrumpida el pasado 16 de\nmarzo, tras declararse alerta sanitaria por covid-19 en el pa\u00eds, y es por esto\nque en la jornada de ayer la magistrada Marcia Figueroa del S\u00e9ptimo Juzgado de\nGarant\u00eda de Santiago debi\u00f3 resolver la incidencia planteada por algunos\nintervinientes, que solicitaron suspender la audiencia hasta que fuese posible\nconstituirse presencialmente.<\/p>\n\n\n\n<p>Tras escuchar las alegaciones de la veintena de intervinientes\npresentes en la audiencia virtual, la jueza Figueroa resolvi\u00f3 que se reun\u00edan\nlas condiciones para continuar con la preparaci\u00f3n de juicio oral, de la cual\nsolo resta la presentaci\u00f3n de prueba de uno de los imputados y la lectura del\nauto de apertura.<\/p>\n\n\n\n<p>En este sentido, el fiscal regional y encargado de la investigaci\u00f3n del megafraude de carabineros, Eugenio Campos, expres\u00f3 que \u201cson m\u00e1s de 28 mil millones de pesos de malversaci\u00f3n en la instituci\u00f3n\u2026son delitos grav\u00edsimos, corrupci\u00f3n, lavado de activo, entre otros, es por eso que las penas de prisi\u00f3n podr\u00edan superar los 20 a\u00f1os de presidio\u201d.<\/p>\n\n\n\n<p>Finalmente, de esta manera, la audiencia de preparaci\u00f3n de juicio oral de esta causa continuar\u00e1 ma\u00f1ana jueves 23 de abril a partir de las 10:00 horas de Magallanes.<\/p>\n\n\n\n<p><\/p>\n\n\n\n<p>CHH.<\/p>\n","protected":false},"excerpt":{"rendered":"<p>Cabe recordar que la etapa de preparaci\u00f3n del juicio oral hab\u00eda sido interrumpida el pasado 16 de marzo, tras declararse alerta sanitaria por covid-19 en el pa\u00eds, y es por&#8230; <a class=\"read-more\" href=\"https:\/\/www.radiopresidenteibanez.cl\/web\/siguen-audiencias-de-preparacion-para-juicio-oral-por-el-mega-fraude-en-carabineros-que-sobrepasa-los-28-mil-millones-de-pesos\/\">Leer m\u00e1s<\/a><\/p>\n","protected":false},"author":2,"featured_media":11273,"comment_status":"closed","ping_status":"closed","sticky":false,"template":"","format":"standard","meta":{"footnotes":""},"categories":[1],"tags":[],"class_list":["post-11272","post","type-post","status-publish","format-standard","has-post-thumbnail","hentry","category-cronica"],"_links":{"self":[{"href":"https:\/\/www.radiopresidenteibanez.cl\/web\/wp-json\/wp\/v2\/posts\/11272","targetHints":{"allow":["GET"]}}],"collection":[{"href":"https:\/\/www.radiopresidenteibanez.cl\/web\/wp-json\/wp\/v2\/posts"}],"about":[{"href":"https:\/\/www.radiopresidenteibanez.cl\/web\/wp-json\/wp\/v2\/types\/post"}],"author":[{"embeddable":true,"href":"https:\/\/www.radiopresidenteibanez.cl\/web\/wp-json\/wp\/v2\/users\/2"}],"replies":[{"embeddable":true,"href":"https:\/\/www.radiopresidenteibanez.cl\/web\/wp-json\/wp\/v2\/comments?post=11272"}],"version-history":[{"count":0,"href":"https:\/\/www.radiopresidenteibanez.cl\/web\/wp-json\/wp\/v2\/posts\/11272\/revisions"}],"wp:featuredmedia":[{"embeddable":true,"href":"https:\/\/www.radiopresidenteibanez.cl\/web\/wp-json\/wp\/v2\/media\/11273"}],"wp:attachment":[{"href":"https:\/\/www.radiopresidenteibanez.cl\/web\/wp-json\/wp\/v2\/media?parent=11272"}],"wp:term":[{"taxonomy":"category","embeddable":true,"href":"https:\/\/www.radiopresidenteibanez.cl\/web\/wp-json\/wp\/v2\/categories?post=11272"},{"taxonomy":"post_tag","embeddable":true,"href":"https:\/\/www.radiopresidenteibanez.cl\/web\/wp-json\/wp\/v2\/tags?post=11272"}],"curies":[{"name":"wp","href":"https:\/\/api.w.org\/{rel}","templated":true}]}}