{"id":11263,"date":"2020-04-22T01:34:49","date_gmt":"2020-04-22T01:34:49","guid":{"rendered":"https:\/\/www.radiopresidenteibanez.cl\/web\/?p=11263"},"modified":"2020-04-22T01:34:54","modified_gmt":"2020-04-22T01:34:54","slug":"este-miercoles-nuevamente-tendra-sus-puertas-cerradas-caja-los-heroes-en-punta-arenas","status":"publish","type":"post","link":"https:\/\/www.radiopresidenteibanez.cl\/web\/este-miercoles-nuevamente-tendra-sus-puertas-cerradas-caja-los-heroes-en-punta-arenas\/","title":{"rendered":"ESTE MI\u00c9RCOLES NUEVAMENTE TENDR\u00c1 SUS PUERTAS CERRADAS CAJA LOS H\u00c9ROES EN PUNTA ARENAS"},"content":{"rendered":"\n<p>Durante horas de la tarde de ayer, la administraci\u00f3n de la\nCaja de Compensaci\u00f3n Los H\u00e9roes inform\u00f3 que se mantendr\u00eda cerrada la sucursal\nde Punta Arenas, ubicada en las intersecciones de calle Jos\u00e9 Men\u00e9ndez con Lautaro\nNavarro, esto debido a que se seguir\u00e1n realizando labores de sanitizaci\u00f3n al\ninterior del recinto.<\/p>\n\n\n\n<p>Cabe mencionar, que el cierre se realiz\u00f3 luego de que una\npersonas presentar\u00e1 s\u00edntomas relacionados al coronavirus Covid-19, por lo cual est\u00e1n\na la espera de que lleguen los ex\u00e1menes de la persona afectada, que hasta el\nmomento se desconoce si es o no funcionaria del recinto antes mencionado.<\/p>\n\n\n\n<p>En este sentido el director regional del IPS, Eduardo Baharona, manifest\u00f3 que \u201cel d\u00eda jueves se realizar\u00e1 la reapertura del recinto, para que nuestros vecinos puedan realizar sus tramites y cobrar su pensi\u00f3n, es por esto que hago el llamado a la comunidad a quedarse en casa esta jornada\u201d.<\/p>\n\n\n\n<p>Por su parte desde la administraci\u00f3n de Caja Los H\u00e9roes, expresaron\nque se encuentra realizando todos los esfuerzos posibles\ny siguiendo las recomendaciones de la autoridad y de expertos en sanitizaci\u00f3n,\nteniendo en cuenta que se trata de un proceso que se debe hacer cumpliendo una\nserie de protocolos, para as\u00ed poder volver a operar de forma segura y bajo\naltos est\u00e1ndares, velando por la salud de nuestros colaboradores y afiliados.<\/p>\n\n\n\n<p>Es por lo anterior que se\nencuentra disponible el sitio web <a href=\"http:\/\/www.losheroes.cl\/\" target=\"_blank\" rel=\"noreferrer noopener\">www.losheroes.cl<\/a>&nbsp;o el\ncall center 600 222 99 99 donde los usuarios podr\u00e1n realizar sus consultas.<\/p>\n\n\n\n<p>Finalmente el director del IPS, insto a la comunidad a realizar tambi\u00e9n sus consultas a los tel\u00e9fonos, +569 66164236, +569 56882524 y +569 52379415.<\/p>\n\n\n\n<p><\/p>\n\n\n\n<p>CHH. \/ imagen: El Magall\u00e1nico <\/p>\n","protected":false},"excerpt":{"rendered":"<p>Durante horas de la tarde de ayer, la administraci\u00f3n de la Caja de Compensaci\u00f3n Los H\u00e9roes inform\u00f3 que se mantendr\u00eda cerrada la sucursal de Punta Arenas, ubicada en las intersecciones&#8230; <a class=\"read-more\" href=\"https:\/\/www.radiopresidenteibanez.cl\/web\/este-miercoles-nuevamente-tendra-sus-puertas-cerradas-caja-los-heroes-en-punta-arenas\/\">Leer m\u00e1s<\/a><\/p>\n","protected":false},"author":2,"featured_media":11264,"comment_status":"closed","ping_status":"closed","sticky":false,"template":"","format":"standard","meta":{"footnotes":""},"categories":[1],"tags":[],"class_list":["post-11263","post","type-post","status-publish","format-standard","has-post-thumbnail","hentry","category-cronica"],"_links":{"self":[{"href":"https:\/\/www.radiopresidenteibanez.cl\/web\/wp-json\/wp\/v2\/posts\/11263","targetHints":{"allow":["GET"]}}],"collection":[{"href":"https:\/\/www.radiopresidenteibanez.cl\/web\/wp-json\/wp\/v2\/posts"}],"about":[{"href":"https:\/\/www.radiopresidenteibanez.cl\/web\/wp-json\/wp\/v2\/types\/post"}],"author":[{"embeddable":true,"href":"https:\/\/www.radiopresidenteibanez.cl\/web\/wp-json\/wp\/v2\/users\/2"}],"replies":[{"embeddable":true,"href":"https:\/\/www.radiopresidenteibanez.cl\/web\/wp-json\/wp\/v2\/comments?post=11263"}],"version-history":[{"count":0,"href":"https:\/\/www.radiopresidenteibanez.cl\/web\/wp-json\/wp\/v2\/posts\/11263\/revisions"}],"wp:featuredmedia":[{"embeddable":true,"href":"https:\/\/www.radiopresidenteibanez.cl\/web\/wp-json\/wp\/v2\/media\/11264"}],"wp:attachment":[{"href":"https:\/\/www.radiopresidenteibanez.cl\/web\/wp-json\/wp\/v2\/media?parent=11263"}],"wp:term":[{"taxonomy":"category","embeddable":true,"href":"https:\/\/www.radiopresidenteibanez.cl\/web\/wp-json\/wp\/v2\/categories?post=11263"},{"taxonomy":"post_tag","embeddable":true,"href":"https:\/\/www.radiopresidenteibanez.cl\/web\/wp-json\/wp\/v2\/tags?post=11263"}],"curies":[{"name":"wp","href":"https:\/\/api.w.org\/{rel}","templated":true}]}}