{"id":11259,"date":"2020-04-21T21:55:03","date_gmt":"2020-04-21T21:55:03","guid":{"rendered":"https:\/\/www.radiopresidenteibanez.cl\/web\/?p=11259"},"modified":"2020-04-21T21:55:09","modified_gmt":"2020-04-21T21:55:09","slug":"confeccion-de-escudos-faciales-y-esclavinas-por-parte-de-funcionarios-del-hospital-clinico-magallanes-cooperacion-y-trabajo-en-equipo","status":"publish","type":"post","link":"https:\/\/www.radiopresidenteibanez.cl\/web\/confeccion-de-escudos-faciales-y-esclavinas-por-parte-de-funcionarios-del-hospital-clinico-magallanes-cooperacion-y-trabajo-en-equipo\/","title":{"rendered":"CONFECCI\u00d3N DE ESCUDOS FACIALES Y ESCLAVINAS POR PARTE DE FUNCIONARIOS DEL HOSPITAL CL\u00cdNICO MAGALLANES: COOPERACI\u00d3N Y TRABAJO EN EQUIPO"},"content":{"rendered":"\n<p>Desde hace un par de semanas, el Hospital Cl\u00ednico Magallanes (HCM) ha debido tomar diversas medidas para afrontar de mejor manera la pandemia Covid19. Una de ellas, y la que involucra directamente&nbsp; a sus funcionarios, ha sido la implementaci\u00f3n de turnos rotativos y teletrabajo con la finalidad de no exponer a sus trabajadores a los contagios y resguardar la salud de ellos.<\/p>\n\n\n\n<p>Una de las pr\u00e1cticas de teletrabajo para los funcionarios cl\u00ednicos &nbsp;ha sido la confecci\u00f3n de escudos faciales y esclavinas desde el hogar. Tambi\u00e9n se sumaron funcionarios que debido a la reducci\u00f3n de la&nbsp;&nbsp;carga asistencial en atenci\u00f3n cerrada&nbsp; y por&nbsp; suspensi\u00f3n de la atenci\u00f3n ambulatoria utilizan sus horas en la confecci\u00f3n de insumos.<\/p>\n\n\n\n<p>Esta iniciativa naci\u00f3 de manera solidaria y cooperativa con la finalidad de bajar el nivel&nbsp; de ansiedad de ambas partes, tanto del funcionario que est\u00e1 en teletrabajo; que &nbsp;se siente productivo y colaborando con sus compa\u00f1eros y el funcionario que est\u00e1 en el hospital, que sabe que tendr\u00e1 los insumos necesarios para la atenci\u00f3n de los usuarios.<\/p>\n\n\n\n<p>\u201cLas provisiones de insumos &nbsp;que&nbsp; nos puedan entregar desde el Ministerio de Salud &nbsp;son sin duda muy importantes, sin embargo frente al aumento de pacientes cada insumo cuenta. La estrechez de \u00e9stos es una situaci\u00f3n &nbsp;que ha pasado en pa\u00edses desarrollados como Italia o Espa\u00f1a, por lo que agradecemos y valoramos cada implemento que se nos otorga\u201d, se\u00f1al\u00f3 el Dr. Paulo Carrasco, Jefe del Centro de Responsabilidad de Pabellones Quir\u00fargicos y Anestesia HCM, unidad que ha trabajado activamente en la confecci\u00f3n de implementos de protecci\u00f3n personal.<\/p>\n\n\n\n<p>A la fecha se ha confeccionado 250 escudos faciales y 200 esclavinas, todos insumos fabricados por personal del CR de Pabellones y&nbsp; CR de Rehabilitaci\u00f3n y &nbsp;con el aporte de materiales de la Direcci\u00f3n del Hospital Cl\u00ednico Magallanes y la&nbsp; Federaci\u00f3n Nacional de Profesionales de la Salud Magallanes (FENPRUSS).<\/p>\n\n\n\n<p>Los escudos faciales son cintillos ajustables con una l\u00e1mina transparente que cubre la cara y previene contacto con gotas visibles y no invisibles de pacientes eventualmente contagiados que pudieran contaminar o infectar a un funcionario de salud, en tanto las esclavinas son cubre cabeza y cuello que deja la cara descubierta para tener una buena visibilidad al momento de realizar procedimientos invasivos, como intubaciones o traqueotom\u00edas.&nbsp;&nbsp;&nbsp;<\/p>\n\n\n\n<p>La din\u00e1mica de trabajo es organizarse de manera online, en grupos peque\u00f1os y siguiendo tutoriales. Se\u00f1alar adem\u00e1s que, todos los insumos han sido aprobados por la Unidad de Infecciones Asociadas a la Salud (IAAS) y el equipo de infectolog\u00eda HCM.<\/p>\n\n\n\n<p>Al respecto, Dami\u00e1n Hurtado, Director (s) Fenpruss Magallanes se\u00f1al\u00f3 que: \u201cTal como HCM se preocupa de la integridad de sus funcionarios, no debemos olvidar que como asociaci\u00f3n gremial&nbsp; luchamos por la defensa por los derechos de nuestros profesionales ya que antes de ser socios de esta organizaci\u00f3n somos profesionales de la salud de nuestro establecimiento y conocemos en primera persona las realidades con las que nos toca trabajar\u201d.<\/p>\n","protected":false},"excerpt":{"rendered":"<p>Desde hace un par de semanas, el Hospital Cl\u00ednico Magallanes (HCM) ha debido tomar diversas medidas para afrontar de mejor manera la pandemia Covid19. Una de ellas, y la que&#8230; <a class=\"read-more\" href=\"https:\/\/www.radiopresidenteibanez.cl\/web\/confeccion-de-escudos-faciales-y-esclavinas-por-parte-de-funcionarios-del-hospital-clinico-magallanes-cooperacion-y-trabajo-en-equipo\/\">Leer m\u00e1s<\/a><\/p>\n","protected":false},"author":2,"featured_media":11260,"comment_status":"closed","ping_status":"closed","sticky":false,"template":"","format":"standard","meta":{"footnotes":""},"categories":[1],"tags":[],"class_list":["post-11259","post","type-post","status-publish","format-standard","has-post-thumbnail","hentry","category-cronica"],"_links":{"self":[{"href":"https:\/\/www.radiopresidenteibanez.cl\/web\/wp-json\/wp\/v2\/posts\/11259","targetHints":{"allow":["GET"]}}],"collection":[{"href":"https:\/\/www.radiopresidenteibanez.cl\/web\/wp-json\/wp\/v2\/posts"}],"about":[{"href":"https:\/\/www.radiopresidenteibanez.cl\/web\/wp-json\/wp\/v2\/types\/post"}],"author":[{"embeddable":true,"href":"https:\/\/www.radiopresidenteibanez.cl\/web\/wp-json\/wp\/v2\/users\/2"}],"replies":[{"embeddable":true,"href":"https:\/\/www.radiopresidenteibanez.cl\/web\/wp-json\/wp\/v2\/comments?post=11259"}],"version-history":[{"count":0,"href":"https:\/\/www.radiopresidenteibanez.cl\/web\/wp-json\/wp\/v2\/posts\/11259\/revisions"}],"wp:featuredmedia":[{"embeddable":true,"href":"https:\/\/www.radiopresidenteibanez.cl\/web\/wp-json\/wp\/v2\/media\/11260"}],"wp:attachment":[{"href":"https:\/\/www.radiopresidenteibanez.cl\/web\/wp-json\/wp\/v2\/media?parent=11259"}],"wp:term":[{"taxonomy":"category","embeddable":true,"href":"https:\/\/www.radiopresidenteibanez.cl\/web\/wp-json\/wp\/v2\/categories?post=11259"},{"taxonomy":"post_tag","embeddable":true,"href":"https:\/\/www.radiopresidenteibanez.cl\/web\/wp-json\/wp\/v2\/tags?post=11259"}],"curies":[{"name":"wp","href":"https:\/\/api.w.org\/{rel}","templated":true}]}}