{"id":11257,"date":"2020-04-21T21:51:46","date_gmt":"2020-04-21T21:51:46","guid":{"rendered":"https:\/\/www.radiopresidenteibanez.cl\/web\/?p=11257"},"modified":"2020-04-21T21:51:52","modified_gmt":"2020-04-21T21:51:52","slug":"senador-carlos-bianchi-presento-proyecto-de-ley-que-prohibe-a-las-afp-retiro-de-utilidades-cuando-rentabilidades-de-fondos-sean-negativas","status":"publish","type":"post","link":"https:\/\/www.radiopresidenteibanez.cl\/web\/senador-carlos-bianchi-presento-proyecto-de-ley-que-prohibe-a-las-afp-retiro-de-utilidades-cuando-rentabilidades-de-fondos-sean-negativas\/","title":{"rendered":"SENADOR CARLOS BIANCHI PRESENT\u00d3 PROYECTO DE LEY QUE PROH\u00cdBE A LAS AFP RETIRO DE UTILIDADES CUANDO RENTABILIDADES DE FONDOS SEAN NEGATIVAS"},"content":{"rendered":"\n<p>Cumpliendo con el compromiso adquirido, el senador\nde Magallanes, Carlos Bianchi, inform\u00f3 que ingres\u00f3 a tramitaci\u00f3n un proyecto de\nley que busca prohibir a las Administradoras de Pensiones, AFPs, el retiro de\nutilidades cuando las rentabilidades de los fondos de sus afiliados son negativas\ny que la actual legislaci\u00f3n si lo permite. <\/p>\n\n\n\n<p>El parlamentario dijo que actualmente, el brote de\ncoronavirus, COVID-19, ha tra\u00eddo una crisis humanitaria y sanitaria sin\nprecedentes, repercutiendo directamente de forma general en la econom\u00eda de los\nhogares chilenos, y tambi\u00e9n, en las pensiones de vejez que ser\u00e1n recibidas por\nchilenas y chilenos. <\/p>\n\n\n\n<p>\u201cHemos sido testigos del silencio de las\nAdministradores de Fondos de Pensiones frente a las millonarias p\u00e9rdidas de los\nfondos previsionales. Lo anterior es preocupante, toda vez que la estructura\ndel sistema de pensiones chileno, compuesto por Multifondos, lo que permite\nafirmar que nuestro sistema previsional depende, en parte importante, de las\nfluctuaciones econ\u00f3micas a lo largo del mundo.\u201d <\/p>\n\n\n\n<p>Las p\u00e9rdidas que han reportado los diversos tipos de\nfondos inciden e impacta directamente en el monto de pensi\u00f3n que los jubilados\nrecibir\u00e1n. Especialmente, aquellos que se encuentran en los fondos m\u00e1s\nriesgosos como el A, B y C, est\u00e1n enfrentados a un escenario incierto y\nriesgoso. <\/p>\n\n\n\n<p>Lo anterior, puntualiz\u00f3 el senador Bianchi, \u201cdetermina\nque las prestaciones sociales que recibir\u00e1n los trabajadores al estar jubilados\nse determine por este tipo de cat\u00e1strofes y emergencias que no les son\nimputables. Pero lo que es m\u00e1s grave, es que la rentabilidad negativa no ha\nsido asumida directamente por las Administradoras de Fondos de Pensiones,\nquienes han beneficiado a sus sociedades controladoras a trav\u00e9s de cuantiosas\nutilidades.\u201d <\/p>\n\n\n\n<p>En efecto, ha sido conocido por la opini\u00f3n p\u00fablica,\nen base a los hechos esenciales comunicados por las mismas Administradoras, que\n\u00e9stas planean un reparto de utilidades millonarias, precisamente en un contexto\nen el que los Fondos de Pensiones han percibido cuantiosas p\u00e9rdidas. <\/p>\n\n\n\n<p>Seg\u00fan se inform\u00f3 recientemente, en el caso de AFP\nCapital, se distribuir\u00edan un total de $26.114 millones. Por su parte, en el\ncaso de AFP HABITAT, se ha propuesto la distribuci\u00f3n de utilidades entre sus\naccionistas de $26.600 millones. por esto, a\u00f1adi\u00f3 Bianchi, no es posible que\nlas Administradores de Fondos de Pensiones contin\u00faen haciendo repartos de\ndividendos, precisamente cuando los Fondos de Pensiones tienen rentabilidades\nnegativas, impactando directamente en el monto de la jubilaci\u00f3n que ser\u00e1\nrecibida por pensionados. <\/p>\n\n\n\n<p>En este sentido, afirm\u00f3, \u201cse debe construir,\nlegalmente, un incentivo, que permita a las sociedades an\u00f3nimas que tienen la\ncalidad de Administradoras de Pensiones, tener ciertos l\u00edmites, derivadas del\ntipo de cotizaciones de seguridad social que est\u00e1n administrando.\u201d<\/p>\n\n\n\n<p>La disposici\u00f3n legal propuesta, establece una\nprohibici\u00f3n de reparto de utilidades aplicable cuando existe rentabilidad\nnegativa en cada uno de los Fondos, y no s\u00f3lo en los m\u00e1s riesgosos sino tambi\u00e9n\nen cualquier mes del \u00faltimo ejercicio. \u201cLo anterior es concordante con el\nfuncionamiento de nuestro sistema, como se advierte al apreciar que todos los\nFondos de Pensiones han experimentado rentabilidad negativa al mes de marzo del\na\u00f1o 2020 y en particular el Fondo E, que es el menos riesgoso, que ha\nexperimentado p\u00e9rdidas acumuladas durante los \u00faltimos meses, al permitirse su\ninversi\u00f3n en distintos instrumentos de inversi\u00f3n que permiten que \u00e9ste sea\nsensible a las fluctuaciones econ\u00f3micas.\u201d Concluy\u00f3 el parlamentario.<\/p>\n","protected":false},"excerpt":{"rendered":"<p>Cumpliendo con el compromiso adquirido, el senador de Magallanes, Carlos Bianchi, inform\u00f3 que ingres\u00f3 a tramitaci\u00f3n un proyecto de ley que busca prohibir a las Administradoras de Pensiones, AFPs, el&#8230; <a class=\"read-more\" href=\"https:\/\/www.radiopresidenteibanez.cl\/web\/senador-carlos-bianchi-presento-proyecto-de-ley-que-prohibe-a-las-afp-retiro-de-utilidades-cuando-rentabilidades-de-fondos-sean-negativas\/\">Leer m\u00e1s<\/a><\/p>\n","protected":false},"author":2,"featured_media":1915,"comment_status":"closed","ping_status":"closed","sticky":false,"template":"","format":"standard","meta":{"footnotes":""},"categories":[1],"tags":[],"class_list":["post-11257","post","type-post","status-publish","format-standard","has-post-thumbnail","hentry","category-cronica"],"_links":{"self":[{"href":"https:\/\/www.radiopresidenteibanez.cl\/web\/wp-json\/wp\/v2\/posts\/11257","targetHints":{"allow":["GET"]}}],"collection":[{"href":"https:\/\/www.radiopresidenteibanez.cl\/web\/wp-json\/wp\/v2\/posts"}],"about":[{"href":"https:\/\/www.radiopresidenteibanez.cl\/web\/wp-json\/wp\/v2\/types\/post"}],"author":[{"embeddable":true,"href":"https:\/\/www.radiopresidenteibanez.cl\/web\/wp-json\/wp\/v2\/users\/2"}],"replies":[{"embeddable":true,"href":"https:\/\/www.radiopresidenteibanez.cl\/web\/wp-json\/wp\/v2\/comments?post=11257"}],"version-history":[{"count":0,"href":"https:\/\/www.radiopresidenteibanez.cl\/web\/wp-json\/wp\/v2\/posts\/11257\/revisions"}],"wp:featuredmedia":[{"embeddable":true,"href":"https:\/\/www.radiopresidenteibanez.cl\/web\/wp-json\/wp\/v2\/media\/1915"}],"wp:attachment":[{"href":"https:\/\/www.radiopresidenteibanez.cl\/web\/wp-json\/wp\/v2\/media?parent=11257"}],"wp:term":[{"taxonomy":"category","embeddable":true,"href":"https:\/\/www.radiopresidenteibanez.cl\/web\/wp-json\/wp\/v2\/categories?post=11257"},{"taxonomy":"post_tag","embeddable":true,"href":"https:\/\/www.radiopresidenteibanez.cl\/web\/wp-json\/wp\/v2\/tags?post=11257"}],"curies":[{"name":"wp","href":"https:\/\/api.w.org\/{rel}","templated":true}]}}