{"id":11255,"date":"2020-04-21T21:42:18","date_gmt":"2020-04-21T21:42:18","guid":{"rendered":"https:\/\/www.radiopresidenteibanez.cl\/web\/?p=11255"},"modified":"2020-04-21T21:42:23","modified_gmt":"2020-04-21T21:42:23","slug":"se-extiende-la-cuarentena-en-punta-arenas-hasta-el-30-de-abril","status":"publish","type":"post","link":"https:\/\/www.radiopresidenteibanez.cl\/web\/se-extiende-la-cuarentena-en-punta-arenas-hasta-el-30-de-abril\/","title":{"rendered":"SE EXTIENDE LA CUARENTENA EN PUNTA ARENAS HASTA EL 30 DE ABRIL"},"content":{"rendered":"\n<p>Como ya es habitual todos los martes el ministro de\nSalud, Jaime Ma\u00f1alich, analiz\u00f3 las comunas que se encuentran con cuarentena\ntotal en el pa\u00eds, una de ella es Punta Arenas, que deber\u00eda haber terminado con\nsu confinamiento el pr\u00f3ximo jueves 23.<\/p>\n\n\n\n<p>Lo anterior no fue as\u00ed y en este nuevo \u201cmartes de\ncuarentena\u201d el ministro inform\u00f3 que la cuarentena seguir\u00e1 por siete d\u00edas m\u00e1s en\nla capital de Magallanes, es decir, hasta el pr\u00f3ximo 30 de abril.<\/p>\n","protected":false},"excerpt":{"rendered":"<p>Como ya es habitual todos los martes el ministro de Salud, Jaime Ma\u00f1alich, analiz\u00f3 las comunas que se encuentran con cuarentena total en el pa\u00eds, una de ella es Punta&#8230; <a class=\"read-more\" href=\"https:\/\/www.radiopresidenteibanez.cl\/web\/se-extiende-la-cuarentena-en-punta-arenas-hasta-el-30-de-abril\/\">Leer m\u00e1s<\/a><\/p>\n","protected":false},"author":2,"featured_media":10909,"comment_status":"closed","ping_status":"closed","sticky":false,"template":"","format":"standard","meta":{"footnotes":""},"categories":[1],"tags":[],"class_list":["post-11255","post","type-post","status-publish","format-standard","has-post-thumbnail","hentry","category-cronica"],"_links":{"self":[{"href":"https:\/\/www.radiopresidenteibanez.cl\/web\/wp-json\/wp\/v2\/posts\/11255","targetHints":{"allow":["GET"]}}],"collection":[{"href":"https:\/\/www.radiopresidenteibanez.cl\/web\/wp-json\/wp\/v2\/posts"}],"about":[{"href":"https:\/\/www.radiopresidenteibanez.cl\/web\/wp-json\/wp\/v2\/types\/post"}],"author":[{"embeddable":true,"href":"https:\/\/www.radiopresidenteibanez.cl\/web\/wp-json\/wp\/v2\/users\/2"}],"replies":[{"embeddable":true,"href":"https:\/\/www.radiopresidenteibanez.cl\/web\/wp-json\/wp\/v2\/comments?post=11255"}],"version-history":[{"count":0,"href":"https:\/\/www.radiopresidenteibanez.cl\/web\/wp-json\/wp\/v2\/posts\/11255\/revisions"}],"wp:featuredmedia":[{"embeddable":true,"href":"https:\/\/www.radiopresidenteibanez.cl\/web\/wp-json\/wp\/v2\/media\/10909"}],"wp:attachment":[{"href":"https:\/\/www.radiopresidenteibanez.cl\/web\/wp-json\/wp\/v2\/media?parent=11255"}],"wp:term":[{"taxonomy":"category","embeddable":true,"href":"https:\/\/www.radiopresidenteibanez.cl\/web\/wp-json\/wp\/v2\/categories?post=11255"},{"taxonomy":"post_tag","embeddable":true,"href":"https:\/\/www.radiopresidenteibanez.cl\/web\/wp-json\/wp\/v2\/tags?post=11255"}],"curies":[{"name":"wp","href":"https:\/\/api.w.org\/{rel}","templated":true}]}}