{"id":11249,"date":"2020-04-21T21:35:41","date_gmt":"2020-04-21T21:35:41","guid":{"rendered":"https:\/\/www.radiopresidenteibanez.cl\/web\/?p=11249"},"modified":"2020-04-21T21:35:46","modified_gmt":"2020-04-21T21:35:46","slug":"56-de-los-puntarenenses-quieren-una-ciudad-preocupada-post-pandemia","status":"publish","type":"post","link":"https:\/\/www.radiopresidenteibanez.cl\/web\/56-de-los-puntarenenses-quieren-una-ciudad-preocupada-post-pandemia\/","title":{"rendered":"56% DE LOS PUNTARENENSES QUIEREN UNA \u201cCIUDAD PREOCUPADA\u201d POST PANDEMIA"},"content":{"rendered":"\n<p>\n\nLa suspensi\u00f3n de clases, el llamado de las autoridades a quedarse en casa, realizar teletrabajo, evitar las reuniones sociales y mantener un distanciamiento f\u00edsico con el resto de las personas, han provocado que millones de chilenos cambien sus rutinas para prevenir el contagio de coronavirus.<\/p>\n\n\n\n<p>Corporaci\u00f3n Ciudades, entidad que trabaja en conjunto con la C\u00e1mara Chilena de la Construcci\u00f3n en el proyecto \u201cPunta Arenas: la ciudad que queremos\u201d, realiz\u00f3 una consulta para analizar cu\u00e1les han sido las principales dificultades para adaptarse a este nuevo estilo de vida, y cu\u00e1les son los aprendizajes que se pueden adoptar para el futuro.<\/p>\n\n\n\n<p>\u201cLa crisis del covid-19 nos est\u00e1 llamando a volver a revisar la planificaci\u00f3n y gesti\u00f3n de nuestras ciudades. Hoy debi\u00e9semos hablar de alejamiento f\u00edsico y acercamiento social, pues la tecnolog\u00eda nos permite seguir interactuando con otras personas, sea por relaciones afectivas o por trabajo. Sin embargo, no todos en Chile tienen el mismo acceso a esas posibilidades, y esa es una de las grandes lecciones que nos deja la respuesta que como sociedad hemos tenido ante esta emergencia, y que la pol\u00edtica p\u00fablica tiene que mirar\u201d, comenta el director ejecutivo de Corporaci\u00f3n Ciudades, Juan Manuel S\u00e1nchez.<\/p>\n\n\n\n<p><strong>Resultados de Encuesta en Punta Arenas<\/strong><\/p>\n\n\n\n<p>Pensando en un futuro sin pandemia y analizando la incidencia del dise\u00f1o de la ciudad en la calidad de vida, a un 56% de los habitantes de Punta Arenas les gustar\u00eda que la ciudad se caracterice por ser una urbe \u201cpreocupada\u201d, es decir, limpia, ordenada, espaciosa y segura. En tanto, un 12% preferir\u00eda que sea reconocida por ser una \u201cciudad digital\u201d, un 15% como \u201cciudad comunidad\u201d (con espacios p\u00fablicos integradores y protectores), un 7% como una \u201cciudad cercana\u201d (con tiempos de traslados acotados para realizar actividades diarias), y a s\u00f3lo un 9% le gustar\u00eda que fuese considerada una \u201cciudad conectada\u201d.<\/p>\n\n\n\n<p>A pesar de que el 60% de los puntarenenses considera que dispone del espacio y condiciones adecuadas para estudiar y\/o trabajar desde la casa, a la hora de preguntarles sobre qu\u00e9 cambios les gustar\u00eda que hubiera en la sociedad luego de la pandemia, el 43% consider\u00f3 que la flexibilizaci\u00f3n de horarios de inicio y t\u00e9rmino de jornada laborales y de estudio ser\u00eda la mejor opci\u00f3n, mientras que el 18% opt\u00f3 por mantener parcialmente sus labores desde la casa.<\/p>\n\n\n\n<p>En cuanto a ordenamiento urbano, a un 15% de los puntarenenses le gustar\u00eda que el transporte y los espacios p\u00fablicos congregaran menor cantidad de gente despu\u00e9s de que la crisis sanitaria sea superada, y un 9% opina lo mismo sobre los lugares de trabajo y estudio.<\/p>\n\n\n\n<p>Adem\u00e1s, un 74% de los puntarenenses considera que las ciudades debiesen tener una extensi\u00f3n m\u00e1xima y un 61% cree que debiese existir un m\u00e1ximo de habitantes por urbe.<\/p>\n\n\n\n<p>No solo las rutinas se han visto modificadas por la obligaci\u00f3n de permanecer en la casa, sino que tambi\u00e9n la convivencia. El 55% declar\u00f3 que \u00e9sta ha mejorado (el porcentaje m\u00e1s alto del pa\u00eds, en conjunto con La Serena-Coquimbo y Temuco-Padre de las Casas), el 37% no ha visto mayores variaciones, mientras que s\u00f3lo un 7% sinti\u00f3 un deterioro de la relaci\u00f3n familiar.\n\n<\/p>\n","protected":false},"excerpt":{"rendered":"<p>La suspensi\u00f3n de clases, el llamado de las autoridades a quedarse en casa, realizar teletrabajo, evitar las reuniones sociales y mantener un distanciamiento f\u00edsico con el resto de las personas,&#8230; <a class=\"read-more\" href=\"https:\/\/www.radiopresidenteibanez.cl\/web\/56-de-los-puntarenenses-quieren-una-ciudad-preocupada-post-pandemia\/\">Leer m\u00e1s<\/a><\/p>\n","protected":false},"author":2,"featured_media":11250,"comment_status":"closed","ping_status":"closed","sticky":false,"template":"","format":"standard","meta":{"footnotes":""},"categories":[1],"tags":[],"class_list":["post-11249","post","type-post","status-publish","format-standard","has-post-thumbnail","hentry","category-cronica"],"_links":{"self":[{"href":"https:\/\/www.radiopresidenteibanez.cl\/web\/wp-json\/wp\/v2\/posts\/11249","targetHints":{"allow":["GET"]}}],"collection":[{"href":"https:\/\/www.radiopresidenteibanez.cl\/web\/wp-json\/wp\/v2\/posts"}],"about":[{"href":"https:\/\/www.radiopresidenteibanez.cl\/web\/wp-json\/wp\/v2\/types\/post"}],"author":[{"embeddable":true,"href":"https:\/\/www.radiopresidenteibanez.cl\/web\/wp-json\/wp\/v2\/users\/2"}],"replies":[{"embeddable":true,"href":"https:\/\/www.radiopresidenteibanez.cl\/web\/wp-json\/wp\/v2\/comments?post=11249"}],"version-history":[{"count":0,"href":"https:\/\/www.radiopresidenteibanez.cl\/web\/wp-json\/wp\/v2\/posts\/11249\/revisions"}],"wp:featuredmedia":[{"embeddable":true,"href":"https:\/\/www.radiopresidenteibanez.cl\/web\/wp-json\/wp\/v2\/media\/11250"}],"wp:attachment":[{"href":"https:\/\/www.radiopresidenteibanez.cl\/web\/wp-json\/wp\/v2\/media?parent=11249"}],"wp:term":[{"taxonomy":"category","embeddable":true,"href":"https:\/\/www.radiopresidenteibanez.cl\/web\/wp-json\/wp\/v2\/categories?post=11249"},{"taxonomy":"post_tag","embeddable":true,"href":"https:\/\/www.radiopresidenteibanez.cl\/web\/wp-json\/wp\/v2\/tags?post=11249"}],"curies":[{"name":"wp","href":"https:\/\/api.w.org\/{rel}","templated":true}]}}