{"id":11246,"date":"2020-04-21T21:31:40","date_gmt":"2020-04-21T21:31:40","guid":{"rendered":"https:\/\/www.radiopresidenteibanez.cl\/web\/?p=11246"},"modified":"2020-04-21T21:31:46","modified_gmt":"2020-04-21T21:31:46","slug":"aguas-magallanes-inicia-campana-invierno-proteger-tus-instalaciones-domiciliarias-es-clave-para-evitar-una-emergencia-mayor","status":"publish","type":"post","link":"https:\/\/www.radiopresidenteibanez.cl\/web\/aguas-magallanes-inicia-campana-invierno-proteger-tus-instalaciones-domiciliarias-es-clave-para-evitar-una-emergencia-mayor\/","title":{"rendered":"AGUAS MAGALLANES INICIA CAMPA\u00d1A INVIERNO: PROTEGER TUS INSTALACIONES DOMICILIARIAS ES CLAVE PARA EVITAR UNA EMERGENCIA MAYOR"},"content":{"rendered":"\n<p>Como cada a\u00f1o y antes de la llegada del invierno y bajas temperaturas, la empresa nuevamente alert\u00f3 sobre lo complejo que puede resultar para la continuidad del servicio de agua potable, no contar con las medidas de protecci\u00f3n adecuadas, particularmente en las instalaciones exteriores.<\/p>\n\n\n\n<p>Al respecto, Johanna Reyes Neira, gerente de Clientes de Aguas Magallanes, invit\u00f3 a la comunidad a tomar simples pero efectivas medidas. \u201cHoy y debido a la emergencia sanitaria que nos afecta es vital prepararnos, protegiendo adecuadamente las instalaciones exteriores desde el medidor hacia adentro -que son, recordemos, de responsabilidad de cada cliente- con material aislante como por ejemplo plumavit\u00bb, explic\u00f3.&nbsp;<\/p>\n\n\n\n<p>La ejecutiva llam\u00f3 a la comunidad a verificar que el nicho protector del medidor cuente con aislante en su interior y en la tapa, con el fin de evitar el congelamiento de \u00e9ste y sus conexiones.&nbsp;Otra importante advertencia es no aplicar agua caliente en forma directa sobre el medidor en caso de congelamiento de las instalaciones, ya que el cambio brusco de temperatura generar\u00e1 da\u00f1os en dicho instrumento. Lo aconsejable es humedecer pa\u00f1os con agua caliente y colocarlos sobre la zona congelada.<\/p>\n\n\n\n<p>Algo similar ocurre con las mangueras de riego del jard\u00edn, ya que si \u00e9stas quedan con agua en su interior, se congelan y conducen el fr\u00edo hacia las instalaciones del domicilio, lo que impide el flujo normal del servicio. Para evitar que esto ocurra, la recomendaci\u00f3n es vaciar las mangueras de agua y desconectarlas de la llave.<\/p>\n\n\n\n<p>Tambi\u00e9n es muy frecuente que las llaves y tuber\u00edas que se encuentran en el exterior tengan falta de protecci\u00f3n, lo que podr\u00eda ocasionar su congelamiento e impedir un normal funcionamiento de la red interior de agua potable. Por lo anterior, tambi\u00e9n se recomienda instalar elementos aislantes especiales.La empresa record\u00f3 que en caso de dudas o consultas relativas a los cuidados en el invierno, est\u00e1 disponible el servicio de atenci\u00f3n telef\u00f3nica 61 2 280028&nbsp; &nbsp;&nbsp;\n\n<\/p>\n","protected":false},"excerpt":{"rendered":"<p>Como cada a\u00f1o y antes de la llegada del invierno y bajas temperaturas, la empresa nuevamente alert\u00f3 sobre lo complejo que puede resultar para la continuidad del servicio de agua&#8230; <a class=\"read-more\" href=\"https:\/\/www.radiopresidenteibanez.cl\/web\/aguas-magallanes-inicia-campana-invierno-proteger-tus-instalaciones-domiciliarias-es-clave-para-evitar-una-emergencia-mayor\/\">Leer m\u00e1s<\/a><\/p>\n","protected":false},"author":2,"featured_media":11247,"comment_status":"closed","ping_status":"closed","sticky":false,"template":"","format":"standard","meta":{"footnotes":""},"categories":[1],"tags":[],"class_list":["post-11246","post","type-post","status-publish","format-standard","has-post-thumbnail","hentry","category-cronica"],"_links":{"self":[{"href":"https:\/\/www.radiopresidenteibanez.cl\/web\/wp-json\/wp\/v2\/posts\/11246","targetHints":{"allow":["GET"]}}],"collection":[{"href":"https:\/\/www.radiopresidenteibanez.cl\/web\/wp-json\/wp\/v2\/posts"}],"about":[{"href":"https:\/\/www.radiopresidenteibanez.cl\/web\/wp-json\/wp\/v2\/types\/post"}],"author":[{"embeddable":true,"href":"https:\/\/www.radiopresidenteibanez.cl\/web\/wp-json\/wp\/v2\/users\/2"}],"replies":[{"embeddable":true,"href":"https:\/\/www.radiopresidenteibanez.cl\/web\/wp-json\/wp\/v2\/comments?post=11246"}],"version-history":[{"count":0,"href":"https:\/\/www.radiopresidenteibanez.cl\/web\/wp-json\/wp\/v2\/posts\/11246\/revisions"}],"wp:featuredmedia":[{"embeddable":true,"href":"https:\/\/www.radiopresidenteibanez.cl\/web\/wp-json\/wp\/v2\/media\/11247"}],"wp:attachment":[{"href":"https:\/\/www.radiopresidenteibanez.cl\/web\/wp-json\/wp\/v2\/media?parent=11246"}],"wp:term":[{"taxonomy":"category","embeddable":true,"href":"https:\/\/www.radiopresidenteibanez.cl\/web\/wp-json\/wp\/v2\/categories?post=11246"},{"taxonomy":"post_tag","embeddable":true,"href":"https:\/\/www.radiopresidenteibanez.cl\/web\/wp-json\/wp\/v2\/tags?post=11246"}],"curies":[{"name":"wp","href":"https:\/\/api.w.org\/{rel}","templated":true}]}}