{"id":11241,"date":"2020-04-21T18:23:11","date_gmt":"2020-04-21T18:23:11","guid":{"rendered":"https:\/\/www.radiopresidenteibanez.cl\/web\/?p=11241"},"modified":"2020-04-22T00:39:06","modified_gmt":"2020-04-22T00:39:06","slug":"usuario-del-serviestado-punta-arenas-denuncia-incumplimiento-de-normativa-que-prorroga-fecha-de-vencimiento-de-la-cedula-de-identidad","status":"publish","type":"post","link":"https:\/\/www.radiopresidenteibanez.cl\/web\/usuario-del-serviestado-punta-arenas-denuncia-incumplimiento-de-normativa-que-prorroga-fecha-de-vencimiento-de-la-cedula-de-identidad\/","title":{"rendered":"USUARIO DEL SERVIESTADO PUNTA ARENAS DENUNCIA INCUMPLIMIENTO DE NORMATIVA QUE PRORROGA FECHA DE VENCIMIENTO DE LA CEDULA DE IDENTIDAD"},"content":{"rendered":"\n<p>Un usuario\ndel ServiEstado de Punta Arenas, ubicado en las intersecciones de calles\nMagallanes y Jos\u00e9 Men\u00e9ndez, realiz\u00f3 una denuncia p\u00fablica y a las autoridades por\nel incumplimiento de la normativa que prorroga la fecha de vencimiento de la\ncedula de identidad en el pa\u00eds a ra\u00edz del covid-19.<\/p>\n\n\n\n<p>El usuario\ndetallo lo sucedido a trav\u00e9s de una carta:<\/p>\n\n\n\n<p>Estimadas\nAutoridades:<\/p>\n\n\n\n<p>Junto con saludar es mi deseo que se encuentren bien en el seno\nfamiliar y laboral. El motivo de la presente carta es <strong>DENUNCIAR <\/strong>una situaci\u00f3n puntual sucedida el d\u00eda 16 de abril del a\u00f1o\nen curso, en dependencias de las oficinas de <strong>SERVIESTADO<\/strong>, en calle Magallanes Esquina Jos\u00e9 Men\u00e9ndez de la ciudad\nde Punta Arenas.<\/p>\n\n\n\n<p>Los\nhechos ocurrieron como se describen a continuaci\u00f3n:<\/p>\n\n\n\n<p>Junto a un miembro de mi familia nos dirigimos para hacer efectivo\nel cobro de un VOUCHER DE PAGO obtenido en la misma instituci\u00f3n bancaria. Al\npresentarnos en caja, la menor de edad beneficiaria del pago, se encontraba con\nla c\u00e9dula nacional de identificaci\u00f3n vencida desde el 7 de abril del 2020. Acto\nseguido la funcionaria que atend\u00eda no quiso prestar los servicios solicitados\ndebido al vencimiento descrito, argumentando con insistencia que deb\u00edamos\nconcurrir a las oficinas del Registro Civil e Identificaci\u00f3n para realizar la\ntramitaci\u00f3n de una nueva c\u00e9dula, seguidamente arroj\u00f3 el voucher a la basura y\nse neg\u00f3 por completo a la atenci\u00f3n.<\/p>\n\n\n\n<p>A fin de evitar problemas y aplacar el tono de la conversaci\u00f3n nos\ndirigimos hasta el registro civil para tramitar una nueva c\u00e9dula.<\/p>\n\n\n\n<p>Sin embargo, teniendo conciencia de que las autoridades hab\u00edan\naplazado el vencimiento <strong>POR UN A\u00d1O <\/strong>de\ntodas las c\u00e9dulas de identidad caducadas en el a\u00f1o 2020, mediante un decreto\nsupremo del Presidente de la Rep\u00fablica Don <strong>SEBASTI\u00c1N\nPI\u00d1\u00c9RA ECHE\u00d1IQUE <\/strong>y del Ministro de Justicia Don <strong>HERN\u00c1N LARRA\u00cdN FERN\u00c1NDEZ<\/strong>, publicado en el diario oficial del d\u00eda 23\nde Marzo de 2020, documento que tambi\u00e9n adjunto. Es que nos parece ins\u00f3lito lo\nacontecido.<br><\/p>\n\n\n\n<p>Prosiguiendo con el desafortunado suceso, una vez obtenido el comprobante del tr\u00e1mite efectuado en el Registro Civil, nuevamente nos dirigimos hasta las oficinas de SERVIESTADO para hacer efectivo el cobro antes mencionado. En esta oportunidad, la misma cajera nos atendi\u00f3 y se rehus\u00f3 a realizar la transacci\u00f3n, respaldada por el encargado de sucursal. Se\u00f1alando: <strong>\u00abcon ese papel no se cobra y el carnet tiene que estar al d\u00eda\u00bb<\/strong><\/p>\n\n\n\n<p>Despu\u00e9s de estos dos intentos fallidos, nos acercamos hasta las\ndependencias del <strong>BANCO ESTADO<\/strong>, ubicado\nen calle Roca esquina Magallanes, en donde NO se present\u00f3 dificultad alguna\npara realizar el tr\u00e1mite, incluso con el carnet vencido.<\/p>\n\n\n\n<p>Estimadas\nautoridades y medios de comunicaci\u00f3n, en la situaci\u00f3n actual a la que hoy nos\nvemos inmersos con nuestra ciudad de Punta Arenas como una de las localidades\nm\u00e1s afectadas con la pandemia, de acuerdo a la densidad poblacional, reiterado\nuna y otra vez por nuestras autoridades comunales, cabe preguntarnos <strong>\u00bfEs posible, que una instituci\u00f3n como\nSERVIESTADO ponga por delante sus PROTOCOLOS INTERNOS faltando a la LEY y\nexponiendo a la poblaci\u00f3n a dirigirse a otros establecimientos de concurrencia\nmasiva y no usando el m\u00ednimo criterio por parte del personal a cargo?.<\/strong><\/p>\n\n\n\n<p>Como\nciudadano quiero dar a <strong>CONOCER <\/strong>este\ncaso <strong>PARTICULAR<\/strong>, que podr\u00eda afectar\na otros, para tal vez evitar que se exponga a la poblaci\u00f3n a situaciones de <strong>RIESGO <\/strong>por el capricho y <strong>FALTA DE CRITERIO<\/strong>, de las personas de <strong>SERVIESTADO <\/strong>de Punta Arenas.<\/p>\n","protected":false},"excerpt":{"rendered":"<p>Un usuario del ServiEstado de Punta Arenas, ubicado en las intersecciones de calles Magallanes y Jos\u00e9 Men\u00e9ndez, realiz\u00f3 una denuncia p\u00fablica y a las autoridades por el incumplimiento de la&#8230; <a class=\"read-more\" href=\"https:\/\/www.radiopresidenteibanez.cl\/web\/usuario-del-serviestado-punta-arenas-denuncia-incumplimiento-de-normativa-que-prorroga-fecha-de-vencimiento-de-la-cedula-de-identidad\/\">Leer m\u00e1s<\/a><\/p>\n","protected":false},"author":2,"featured_media":11242,"comment_status":"closed","ping_status":"closed","sticky":false,"template":"","format":"standard","meta":{"footnotes":""},"categories":[1],"tags":[],"class_list":["post-11241","post","type-post","status-publish","format-standard","has-post-thumbnail","hentry","category-cronica"],"_links":{"self":[{"href":"https:\/\/www.radiopresidenteibanez.cl\/web\/wp-json\/wp\/v2\/posts\/11241","targetHints":{"allow":["GET"]}}],"collection":[{"href":"https:\/\/www.radiopresidenteibanez.cl\/web\/wp-json\/wp\/v2\/posts"}],"about":[{"href":"https:\/\/www.radiopresidenteibanez.cl\/web\/wp-json\/wp\/v2\/types\/post"}],"author":[{"embeddable":true,"href":"https:\/\/www.radiopresidenteibanez.cl\/web\/wp-json\/wp\/v2\/users\/2"}],"replies":[{"embeddable":true,"href":"https:\/\/www.radiopresidenteibanez.cl\/web\/wp-json\/wp\/v2\/comments?post=11241"}],"version-history":[{"count":0,"href":"https:\/\/www.radiopresidenteibanez.cl\/web\/wp-json\/wp\/v2\/posts\/11241\/revisions"}],"wp:featuredmedia":[{"embeddable":true,"href":"https:\/\/www.radiopresidenteibanez.cl\/web\/wp-json\/wp\/v2\/media\/11242"}],"wp:attachment":[{"href":"https:\/\/www.radiopresidenteibanez.cl\/web\/wp-json\/wp\/v2\/media?parent=11241"}],"wp:term":[{"taxonomy":"category","embeddable":true,"href":"https:\/\/www.radiopresidenteibanez.cl\/web\/wp-json\/wp\/v2\/categories?post=11241"},{"taxonomy":"post_tag","embeddable":true,"href":"https:\/\/www.radiopresidenteibanez.cl\/web\/wp-json\/wp\/v2\/tags?post=11241"}],"curies":[{"name":"wp","href":"https:\/\/api.w.org\/{rel}","templated":true}]}}