{"id":11237,"date":"2020-04-21T18:00:28","date_gmt":"2020-04-21T18:00:28","guid":{"rendered":"https:\/\/www.radiopresidenteibanez.cl\/web\/?p=11237"},"modified":"2020-04-21T18:00:34","modified_gmt":"2020-04-21T18:00:34","slug":"consejo-regional-del-colegio-medico-recibio-donacion-de-la-fundacion-luksic-de-8-500-mascarillas-n95","status":"publish","type":"post","link":"https:\/\/www.radiopresidenteibanez.cl\/web\/consejo-regional-del-colegio-medico-recibio-donacion-de-la-fundacion-luksic-de-8-500-mascarillas-n95\/","title":{"rendered":"CONSEJO REGIONAL DEL COLEGIO M\u00c9DICO RECIBI\u00d3 DONACI\u00d3N DE LA FUNDACI\u00d3N LUKSIC DE 8.500 MASCARILLAS N\u00b095"},"content":{"rendered":"\n<p>El Consejo Regional Punta Arenas del Colegio M\u00e9dico\nde Chile, ha recibido de su directiva nacional, una donaci\u00f3n de la fundaci\u00f3n\nLuksic consistente en 8.500 mascarillas N95 destinadas al personal de salud que\ntrabaja en contacto con enfermos de coronavirus. <\/p>\n\n\n\n<p>Hemos hecho entrega de este importante donativo al director\ndel Hospital Cl\u00ednico de Magallanes, lo que constituye un gran aporte a la\nprotecci\u00f3n de los profesionales y t\u00e9cnicos m\u00e1s expuestos, y que requieren de\nelementos muy escasos en el contexto de la realidad mundial dada por la\npandemia.<\/p>\n\n\n\n<p>Agradecemos a la Fundaci\u00f3n Luksic y a\nla confianza depositada en el Colegio M\u00e9dico como garante de una distribuci\u00f3n\nde insumos con criterios de eficiencia t\u00e9cnica y transparencia. Sin duda esta\ndonaci\u00f3n mejorar\u00e1 la protecci\u00f3n de los trabajadores de la salud que exponen sus\nvidas diariamente para salvar otras.<\/p>\n","protected":false},"excerpt":{"rendered":"<p>El Consejo Regional Punta Arenas del Colegio M\u00e9dico de Chile, ha recibido de su directiva nacional, una donaci\u00f3n de la fundaci\u00f3n Luksic consistente en 8.500 mascarillas N95 destinadas al personal&#8230; <a class=\"read-more\" href=\"https:\/\/www.radiopresidenteibanez.cl\/web\/consejo-regional-del-colegio-medico-recibio-donacion-de-la-fundacion-luksic-de-8-500-mascarillas-n95\/\">Leer m\u00e1s<\/a><\/p>\n","protected":false},"author":2,"featured_media":11238,"comment_status":"closed","ping_status":"closed","sticky":false,"template":"","format":"standard","meta":{"footnotes":""},"categories":[1],"tags":[],"class_list":["post-11237","post","type-post","status-publish","format-standard","has-post-thumbnail","hentry","category-cronica"],"_links":{"self":[{"href":"https:\/\/www.radiopresidenteibanez.cl\/web\/wp-json\/wp\/v2\/posts\/11237","targetHints":{"allow":["GET"]}}],"collection":[{"href":"https:\/\/www.radiopresidenteibanez.cl\/web\/wp-json\/wp\/v2\/posts"}],"about":[{"href":"https:\/\/www.radiopresidenteibanez.cl\/web\/wp-json\/wp\/v2\/types\/post"}],"author":[{"embeddable":true,"href":"https:\/\/www.radiopresidenteibanez.cl\/web\/wp-json\/wp\/v2\/users\/2"}],"replies":[{"embeddable":true,"href":"https:\/\/www.radiopresidenteibanez.cl\/web\/wp-json\/wp\/v2\/comments?post=11237"}],"version-history":[{"count":0,"href":"https:\/\/www.radiopresidenteibanez.cl\/web\/wp-json\/wp\/v2\/posts\/11237\/revisions"}],"wp:featuredmedia":[{"embeddable":true,"href":"https:\/\/www.radiopresidenteibanez.cl\/web\/wp-json\/wp\/v2\/media\/11238"}],"wp:attachment":[{"href":"https:\/\/www.radiopresidenteibanez.cl\/web\/wp-json\/wp\/v2\/media?parent=11237"}],"wp:term":[{"taxonomy":"category","embeddable":true,"href":"https:\/\/www.radiopresidenteibanez.cl\/web\/wp-json\/wp\/v2\/categories?post=11237"},{"taxonomy":"post_tag","embeddable":true,"href":"https:\/\/www.radiopresidenteibanez.cl\/web\/wp-json\/wp\/v2\/tags?post=11237"}],"curies":[{"name":"wp","href":"https:\/\/api.w.org\/{rel}","templated":true}]}}