{"id":11234,"date":"2020-04-21T17:57:28","date_gmt":"2020-04-21T17:57:28","guid":{"rendered":"https:\/\/www.radiopresidenteibanez.cl\/web\/?p=11234"},"modified":"2020-04-21T17:57:34","modified_gmt":"2020-04-21T17:57:34","slug":"27-nuevos-casos-de-covid-19-se-informaron-en-las-ultimas-24-horas-en-magallanes","status":"publish","type":"post","link":"https:\/\/www.radiopresidenteibanez.cl\/web\/27-nuevos-casos-de-covid-19-se-informaron-en-las-ultimas-24-horas-en-magallanes\/","title":{"rendered":"27 NUEVOS CASOS DE COVID-19 SE INFORMARON EN LAS \u00daLTIMAS 24 HORAS EN MAGALLANES"},"content":{"rendered":"\n<p>Hoy martes 21 de abril se inform\u00f3 de&nbsp;<strong>27 nuevos casos de coronavirus<\/strong>&nbsp;en Magallanes, 26 de Punta Arenas y 1 de Puerto Natales. De esta forma, Magallanes a la fecha registra&nbsp;<strong>593 casos en total<\/strong>&nbsp;de coronavirus, 558 de Punta Arenas,&nbsp; 18 de Puerto Williams, 8 de Porvenir, 8 de Puerto Natales y 1 de Primavera. Esto con corte a las 21.00 horas del d\u00eda lunes 20 de abril.&nbsp;La regi\u00f3n registra una tasa acumulado de casos de 332 casos por 100.000 habitantes, la mayor de nuestro pa\u00eds.<\/p>\n\n\n\n<p><strong>Muestras<\/strong><\/p>\n\n\n\n<p>Hasta la fecha a nivel regional se han realizado 2.971 PCR, de estos 2.321 han resultado negativas, 593 casos positivos y hay 57 muestras pendientes. El CADI-UMAG ha procesado a la fecha el 30,5% de las muestras de la regi\u00f3n.&nbsp;Se mantiene una latencia de entrega de resultados del orden de los 3 d\u00edas promedio desde que se ha tomado el examen.<\/p>\n\n\n\n<p><strong>Hospitalizados<\/strong><strong><\/strong><\/p>\n\n\n\n<p>Hoy martes 21 de abril, hasta esta ma\u00f1ana, hay un total 42 pacientes internados en el Hospital Cl\u00ednico de Magallanes relacionados con COVID. 22 pacientes se encuentran en aislamiento y 20 en la Unidad de Paciente Cr\u00edtico (UPC), 14 de ellos con soporte respiratorio.<\/p>\n\n\n\n<p><strong>Cuarentena<\/strong><\/p>\n\n\n\n<p>En cuanto a la fiscalizaci\u00f3n de cumplimiento de cuarentenas en domicilio, tanto de casos positivos de coronavirus como de contactos estrechos,&nbsp; a la fecha se han desarrollado en total 1.659 inspecciones a nivel regional, registrando a la fecha 12 sumarios en total.<\/p>\n","protected":false},"excerpt":{"rendered":"<p>Hoy martes 21 de abril se inform\u00f3 de&nbsp;27 nuevos casos de coronavirus&nbsp;en Magallanes, 26 de Punta Arenas y 1 de Puerto Natales. De esta forma, Magallanes a la fecha registra&nbsp;593&#8230; <a class=\"read-more\" href=\"https:\/\/www.radiopresidenteibanez.cl\/web\/27-nuevos-casos-de-covid-19-se-informaron-en-las-ultimas-24-horas-en-magallanes\/\">Leer m\u00e1s<\/a><\/p>\n","protected":false},"author":2,"featured_media":11235,"comment_status":"closed","ping_status":"closed","sticky":false,"template":"","format":"standard","meta":{"footnotes":""},"categories":[1],"tags":[],"class_list":["post-11234","post","type-post","status-publish","format-standard","has-post-thumbnail","hentry","category-cronica"],"_links":{"self":[{"href":"https:\/\/www.radiopresidenteibanez.cl\/web\/wp-json\/wp\/v2\/posts\/11234","targetHints":{"allow":["GET"]}}],"collection":[{"href":"https:\/\/www.radiopresidenteibanez.cl\/web\/wp-json\/wp\/v2\/posts"}],"about":[{"href":"https:\/\/www.radiopresidenteibanez.cl\/web\/wp-json\/wp\/v2\/types\/post"}],"author":[{"embeddable":true,"href":"https:\/\/www.radiopresidenteibanez.cl\/web\/wp-json\/wp\/v2\/users\/2"}],"replies":[{"embeddable":true,"href":"https:\/\/www.radiopresidenteibanez.cl\/web\/wp-json\/wp\/v2\/comments?post=11234"}],"version-history":[{"count":0,"href":"https:\/\/www.radiopresidenteibanez.cl\/web\/wp-json\/wp\/v2\/posts\/11234\/revisions"}],"wp:featuredmedia":[{"embeddable":true,"href":"https:\/\/www.radiopresidenteibanez.cl\/web\/wp-json\/wp\/v2\/media\/11235"}],"wp:attachment":[{"href":"https:\/\/www.radiopresidenteibanez.cl\/web\/wp-json\/wp\/v2\/media?parent=11234"}],"wp:term":[{"taxonomy":"category","embeddable":true,"href":"https:\/\/www.radiopresidenteibanez.cl\/web\/wp-json\/wp\/v2\/categories?post=11234"},{"taxonomy":"post_tag","embeddable":true,"href":"https:\/\/www.radiopresidenteibanez.cl\/web\/wp-json\/wp\/v2\/tags?post=11234"}],"curies":[{"name":"wp","href":"https:\/\/api.w.org\/{rel}","templated":true}]}}