{"id":11217,"date":"2020-04-20T21:09:16","date_gmt":"2020-04-20T21:09:16","guid":{"rendered":"https:\/\/www.radiopresidenteibanez.cl\/web\/?p=11217"},"modified":"2020-04-20T21:09:51","modified_gmt":"2020-04-20T21:09:51","slug":"en-magallanes-mas-de-11-mil-empresas-podrian-acceder-a-los-nuevos-beneficios-del-fondo-de-garantia-estatal-fogape","status":"publish","type":"post","link":"https:\/\/www.radiopresidenteibanez.cl\/web\/en-magallanes-mas-de-11-mil-empresas-podrian-acceder-a-los-nuevos-beneficios-del-fondo-de-garantia-estatal-fogape\/","title":{"rendered":"EN MAGALLANES: M\u00c1S DE 11 MIL EMPRESAS PODR\u00cdAN ACCEDER A LOS NUEVOS BENEFICIOS DEL FONDO DE GARANT\u00cdA ESTATAL (FOGAPE)"},"content":{"rendered":"\n<p>Esta semana, el Congreso aprob\u00f3 el proyecto que inyecta US$3.000 millones\nal Fondo de Garant\u00eda de Peque\u00f1as Empresas (Fogape), parte importante del\npaquete de medidas econ\u00f3micas anunciadas por el Presidente de la Rep\u00fablica,\nSebasti\u00e1n Pi\u00f1era, y que permitir\u00e1 <\/p>\n\n\n\n<p>dar un alivio econ\u00f3mico especialmente a peque\u00f1as empresas en la regi\u00f3n\nfrente a la actual situaci\u00f3n por la propagaci\u00f3n de Covid19.<\/p>\n\n\n\n<p>Esta iniciativa despachada el pasado jueves, permitir\u00e1 beneficiar, a\nnivel nacional, a m\u00e1s de 1,3 millones de micro, peque\u00f1as, medianas y grandes\nempresas con ventas que no superen el mill\u00f3n de Unidades de Fomento (UF), las\nque podr\u00e1n acceder a nuevos cr\u00e9ditos por hasta 24.000 UF, los cuales tendr\u00e1n\nuna tasa m\u00e1xima \u2013fijada por ley- de 3,5% nominal, lo que en t\u00e9rminos reales\nsignifica una tasa cercana al 0%.<\/p>\n\n\n\n<p>As\u00ed fue destacado por las Seremis de Econom\u00eda, Trabajo y Hacienda de la\nregi\u00f3n, quienes resaltaron la r\u00e1pida tramitaci\u00f3n del proyecto, tanto en el\nSenado como en la C\u00e1mara de Diputados.<\/p>\n\n\n\n<p>En palabras de la Seremi de Econom\u00eda, Fomento y Turismo, Natalia Easton,\n\u201cesta es una gran noticia, especialmente para las 11.800 pymes\nregionales que, en su mayor\u00eda, han sido profundamente afectadas por la crisis.\nNuestra regi\u00f3n presenta una tasa de bancarizaci\u00f3n de las pymes que supera el\n60%, tasa muy superior al 40% nacional, lo cual nos permitir\u00e1 llegar con estas\nl\u00edneas de cr\u00e9dito a aliviar la mochila financiera de miles de pymes magall\u00e1nicas\nque hoy necesitan capital de trabajo fresco para pagar sueldos, arriendos,\ncuentas y una serie de gastos operacionales que dif\u00edcilmente pueden afrontar\ncon los bajos niveles de venta que muchos sufren por las restricciones\nasociadas a la crisis sanitaria\u201d.<\/p>\n\n\n\n<p>La protecci\u00f3n de los empleos es parte esencial\nde esta medida, por cuanto, busca entregar liquidez para que las empresas\npuedan cubrir todas sus necesidades de capital de trabajo durante esta\nemergencia.<\/p>\n\n\n\n<p>As\u00ed lo destac\u00f3 la Seremi del Trabajo y Previsi\u00f3n Social, Victoria Cort\u00e9s,\nquien explic\u00f3 que \u201cel objetivo concreto de la ley es facilitar el acceso a\nrecursos que puedan ir destinados a capital de trabajo para las peque\u00f1as y\nmedianas empresas a trav\u00e9s de estos cr\u00e9ditos con garant\u00eda estatal, a fin de que\npuedan enfrentar los efectos econ\u00f3micos que ha dejado la expansi\u00f3n del\nCovid-19. Queremos destacar que lo m\u00e1s relevante de esta iniciativa, que ser\u00e1\nley en los pr\u00f3ximos d\u00edas, es que, a trav\u00e9s de ella, estamos dando protecci\u00f3n\nefectiva a los ingresos y los puestos de trabajo y, detr\u00e1s de ello, a miles de\nfamilias magall\u00e1nicas que lo necesitan en estos d\u00edas, considerando, adem\u00e1s, que\nlas pymes concentran el 66% del empleo en nuestra regi\u00f3n de Magallanes versus\nel 45% que representan en el resto del pa\u00eds\u201d.<\/p>\n\n\n\n<p>Junto con la capitalizaci\u00f3n, la iniciativa ampl\u00eda el n\u00famero de empresas\nelegibles y la cobertura de garant\u00edas, seg\u00fan el tama\u00f1o de las empresas: Para\nempresas con ventas inferiores a 25 mil UF anuales, la garant\u00eda estatal ser\u00e1 de\nhasta 85% del nuevo pr\u00e9stamo para capital de trabajo; para empresas con ventas\nentre 25 mil y 100 mil UF, la garant\u00eda ser\u00e1 de hasta 80%; para empresas con\nventas entre 100 y 600 mil UF anuales, ser\u00e1 de hasta 70%; y, para empresas con\nventas entre 600 mil y 1 mill\u00f3n de UF anuales, ser\u00e1 de hasta un 60%.<\/p>\n\n\n\n<p>Sobre esto, la Seremi de Hacienda, Lil Garc\u00e9s, expres\u00f3 que \u201ces relevante destacar que este cr\u00e9dito Covid19 otorga\nflexibilidad&nbsp;a las pymes con ventas anuales de hasta 25.000 UF y que, en\nnuestra regi\u00f3n, representan cerca del 97%&nbsp;del total de empresas. Para\nellas se establece como criterio de elegibilidad no tener morosidad mayor a 30\nd\u00edas previo a octubre 2019, asumiendo que la realidad de endeudamiento por\nefectos de la crisis social, y posterior crisis sanitaria, tiene al l\u00edmite la\ncapacidad de operar de muchas micro y peque\u00f1as empresas. Este criterio sumado a\nlos plazos de gracia y postergaci\u00f3n de obligaciones crediticias previas, por un\nperiodo de 6 meses, permitir\u00e1 inyectar oxigeno financiero a estas empresas\u201d.<\/p>\n\n\n\n<p>Las carteras de Econom\u00eda y\nHacienda est\u00e1n trabajando en un catastro de pymes bancarizadas en la regi\u00f3n, en\nel que ya concentran m\u00e1s de 7 mil peque\u00f1as y medianas empresas, lo que\nindicar\u00eda que, al menos, el 60% de las pymes regionales estar\u00edan bancarizadas\ny, por tanto, cumpliendo los criterios de elegibilidad mencionados por la\nautoridad, podr\u00edan acceder a estas l\u00edneas de cr\u00e9dito con aval del Estado.<\/p>\n\n\n\n<p>El llamado a las empresas es a\nestar atentos a la promulgaci\u00f3n de esta iniciativa, pues se est\u00e1 trabajando\npara que las facilidades de liquidez anunciadas por las autoridades est\u00e9n\noperativas a partir de la pr\u00f3xima semana.<\/p>\n","protected":false},"excerpt":{"rendered":"<p>Esta semana, el Congreso aprob\u00f3 el proyecto que inyecta US$3.000 millones al Fondo de Garant\u00eda de Peque\u00f1as Empresas (Fogape), parte importante del paquete de medidas econ\u00f3micas anunciadas por el Presidente&#8230; <a class=\"read-more\" href=\"https:\/\/www.radiopresidenteibanez.cl\/web\/en-magallanes-mas-de-11-mil-empresas-podrian-acceder-a-los-nuevos-beneficios-del-fondo-de-garantia-estatal-fogape\/\">Leer m\u00e1s<\/a><\/p>\n","protected":false},"author":2,"featured_media":10712,"comment_status":"closed","ping_status":"closed","sticky":false,"template":"","format":"standard","meta":{"footnotes":""},"categories":[1],"tags":[],"class_list":["post-11217","post","type-post","status-publish","format-standard","has-post-thumbnail","hentry","category-cronica"],"_links":{"self":[{"href":"https:\/\/www.radiopresidenteibanez.cl\/web\/wp-json\/wp\/v2\/posts\/11217","targetHints":{"allow":["GET"]}}],"collection":[{"href":"https:\/\/www.radiopresidenteibanez.cl\/web\/wp-json\/wp\/v2\/posts"}],"about":[{"href":"https:\/\/www.radiopresidenteibanez.cl\/web\/wp-json\/wp\/v2\/types\/post"}],"author":[{"embeddable":true,"href":"https:\/\/www.radiopresidenteibanez.cl\/web\/wp-json\/wp\/v2\/users\/2"}],"replies":[{"embeddable":true,"href":"https:\/\/www.radiopresidenteibanez.cl\/web\/wp-json\/wp\/v2\/comments?post=11217"}],"version-history":[{"count":0,"href":"https:\/\/www.radiopresidenteibanez.cl\/web\/wp-json\/wp\/v2\/posts\/11217\/revisions"}],"wp:featuredmedia":[{"embeddable":true,"href":"https:\/\/www.radiopresidenteibanez.cl\/web\/wp-json\/wp\/v2\/media\/10712"}],"wp:attachment":[{"href":"https:\/\/www.radiopresidenteibanez.cl\/web\/wp-json\/wp\/v2\/media?parent=11217"}],"wp:term":[{"taxonomy":"category","embeddable":true,"href":"https:\/\/www.radiopresidenteibanez.cl\/web\/wp-json\/wp\/v2\/categories?post=11217"},{"taxonomy":"post_tag","embeddable":true,"href":"https:\/\/www.radiopresidenteibanez.cl\/web\/wp-json\/wp\/v2\/tags?post=11217"}],"curies":[{"name":"wp","href":"https:\/\/api.w.org\/{rel}","templated":true}]}}