{"id":11211,"date":"2020-04-20T14:54:49","date_gmt":"2020-04-20T14:54:49","guid":{"rendered":"https:\/\/www.radiopresidenteibanez.cl\/web\/?p=11211"},"modified":"2020-04-20T14:54:54","modified_gmt":"2020-04-20T14:54:54","slug":"informe-20-de-abril-10-507-personas-contagiadas-y-139-fallecidos-a-nivel-pais-por-covid-19","status":"publish","type":"post","link":"https:\/\/www.radiopresidenteibanez.cl\/web\/informe-20-de-abril-10-507-personas-contagiadas-y-139-fallecidos-a-nivel-pais-por-covid-19\/","title":{"rendered":"INFORME 20 DE ABRIL: 10.507 PERSONAS CONTAGIADAS Y 139 FALLECIDOS A NIVEL PA\u00cdS POR COVID-19"},"content":{"rendered":"\n<p>La Subsecretaria de Salud, Paula Daza, entreg\u00f3 nuevo informe de Covid-19, a nivel pa\u00eds, el cual alcanza 419 casos en las \u00faltimas 24 horas llegando a un  total de 10.507 personas, mientras que los fallecidos a 139.<\/p>\n","protected":false},"excerpt":{"rendered":"<p>La Subsecretaria de Salud, Paula Daza, entreg\u00f3 nuevo informe de Covid-19, a nivel pa\u00eds, el cual alcanza 419 casos en las \u00faltimas 24 horas llegando a un total de 10.507&#8230; <a class=\"read-more\" href=\"https:\/\/www.radiopresidenteibanez.cl\/web\/informe-20-de-abril-10-507-personas-contagiadas-y-139-fallecidos-a-nivel-pais-por-covid-19\/\">Leer m\u00e1s<\/a><\/p>\n","protected":false},"author":2,"featured_media":10325,"comment_status":"closed","ping_status":"closed","sticky":false,"template":"","format":"standard","meta":{"footnotes":""},"categories":[1],"tags":[],"class_list":["post-11211","post","type-post","status-publish","format-standard","has-post-thumbnail","hentry","category-cronica"],"_links":{"self":[{"href":"https:\/\/www.radiopresidenteibanez.cl\/web\/wp-json\/wp\/v2\/posts\/11211","targetHints":{"allow":["GET"]}}],"collection":[{"href":"https:\/\/www.radiopresidenteibanez.cl\/web\/wp-json\/wp\/v2\/posts"}],"about":[{"href":"https:\/\/www.radiopresidenteibanez.cl\/web\/wp-json\/wp\/v2\/types\/post"}],"author":[{"embeddable":true,"href":"https:\/\/www.radiopresidenteibanez.cl\/web\/wp-json\/wp\/v2\/users\/2"}],"replies":[{"embeddable":true,"href":"https:\/\/www.radiopresidenteibanez.cl\/web\/wp-json\/wp\/v2\/comments?post=11211"}],"version-history":[{"count":0,"href":"https:\/\/www.radiopresidenteibanez.cl\/web\/wp-json\/wp\/v2\/posts\/11211\/revisions"}],"wp:featuredmedia":[{"embeddable":true,"href":"https:\/\/www.radiopresidenteibanez.cl\/web\/wp-json\/wp\/v2\/media\/10325"}],"wp:attachment":[{"href":"https:\/\/www.radiopresidenteibanez.cl\/web\/wp-json\/wp\/v2\/media?parent=11211"}],"wp:term":[{"taxonomy":"category","embeddable":true,"href":"https:\/\/www.radiopresidenteibanez.cl\/web\/wp-json\/wp\/v2\/categories?post=11211"},{"taxonomy":"post_tag","embeddable":true,"href":"https:\/\/www.radiopresidenteibanez.cl\/web\/wp-json\/wp\/v2\/tags?post=11211"}],"curies":[{"name":"wp","href":"https:\/\/api.w.org\/{rel}","templated":true}]}}