{"id":11207,"date":"2020-04-20T13:52:14","date_gmt":"2020-04-20T13:52:14","guid":{"rendered":"https:\/\/www.radiopresidenteibanez.cl\/web\/?p=11207"},"modified":"2020-04-20T13:52:18","modified_gmt":"2020-04-20T13:52:18","slug":"asume-realiza-declaracion-publica-por-medida-de-exposicion-a-funcionarios-publicos-a-posible-contagio","status":"publish","type":"post","link":"https:\/\/www.radiopresidenteibanez.cl\/web\/asume-realiza-declaracion-publica-por-medida-de-exposicion-a-funcionarios-publicos-a-posible-contagio\/","title":{"rendered":"ASUME REALIZA DECLARACI\u00d3N P\u00daBLICA POR MEDIDA DE EXPOSICI\u00d3N A FUNCIONARIOS P\u00daBLICOS A POSIBLE CONTAGIO"},"content":{"rendered":"\n<p>La\nAsociaci\u00f3n de Funcionarios de la Superintendencia de Educaci\u00f3n de la Regi\u00f3n de\nMagallanes (ASUME-MAGALLANES), respecto del anuncio de las autoridades\ngubernamentales sobre la reincorporaci\u00f3n al trabajo de forma presencial,\noficializado por la Circular N\u00b018 del Ministerio de Hacienda.<\/p>\n\n\n\n<p>Declara:<\/p>\n\n\n\n<p>En\nprimer t\u00e9rmino, deseamos aclarar a la ciudadan\u00eda que en ning\u00fan momento hemos\ndejado de cumplir con nuestras responsabilidades como lo ha tratado de dar a\nentender las autoridades de turno, cuando indica: \u201cretorno paulatino al\ntrabajo\u201d. Nunca hemos dejado de trabajar, lo que significa que en ning\u00fan\nmomento o forma hemos dejado de cumplir nuestras funciones y responsabilidades\nlaborales para con la ciudadan\u00eda en general de la que igualmente formamos\nparte.<\/p>\n\n\n\n<p>Cada servicio\ndesde el momento en que se determino el no acudir a las dependencias habituales\nde trabajo, ha tomado los resguardos para que las actividades frecuentes de los\nfuncionarios p\u00fablicos se realicen desde el hogar bajo la modalidad de trabajo\nremoto a distancia.<\/p>\n\n\n\n<p>En\nsegundo lugar, consideramos que la indicaci\u00f3n del retorno presencial a las\noficinas es una irresponsabilidad sublime y criminal al exponer a los\nfuncionarios del Estado de Chile a un posible contagio, sobre todo en momentos\nen que todas las voces expertas han anunciado que el peak de propagaci\u00f3n del\nvirus ser\u00e1 entre la \u00faltima semana del mes de abril e inicios de mayo.\nConsiderando adem\u00e1s que nuestra regi\u00f3n se encuentra ad-portas de la estaci\u00f3n\ninvernal con el concebido aumento de enfermedades por influenza.<\/p>\n\n\n\n<p>La\nautoridad con esta determinaci\u00f3n est\u00e1 exponiendo a un contagio no solo a\nnosotros como funcionarios, sino que tambi\u00e9n a nuestros hijos, nietos,\nc\u00f3nyuges, padres, madres (adultos mayores) y a la ciudadan\u00eda en general, de la\ncual tambi\u00e9n somos parte.<\/p>\n\n\n\n<p>Solicitamos\nque la autoridad del servicio recapacite y deje sin efecto la instrucci\u00f3n del\nretorno al trabajo presencial. <\/p>\n\n\n\n<p>Reserv\u00e1ndonos\nel derecho a realizar las acciones legales en pos de salvaguardar la integridad\nf\u00edsica y psicol\u00f3gica de los funcionarios de la Direcci\u00f3n Regional de la\nSuperintendencia de Educaci\u00f3n, sus familias y a la ciudadan\u00eda en general. Ya\nque el regresar al lugar habitual de trabajo, hace que exista la real\nposibilidad de transformarnos en agentes de contagio para cada uno de ellos.<\/p>\n\n\n\n<p>Por\nASUME \u2013 MAGALLANES<\/p>\n\n\n\n<p><strong>IGNACIO\nD. GALLARDO TRIVI\u00d1O<\/strong><\/p>\n\n\n\n<p><strong>PRESIDENTE\nREGIONAL<\/strong><\/p>\n","protected":false},"excerpt":{"rendered":"<p>La Asociaci\u00f3n de Funcionarios de la Superintendencia de Educaci\u00f3n de la Regi\u00f3n de Magallanes (ASUME-MAGALLANES), respecto del anuncio de las autoridades gubernamentales sobre la reincorporaci\u00f3n al trabajo de forma presencial,&#8230; <a class=\"read-more\" href=\"https:\/\/www.radiopresidenteibanez.cl\/web\/asume-realiza-declaracion-publica-por-medida-de-exposicion-a-funcionarios-publicos-a-posible-contagio\/\">Leer m\u00e1s<\/a><\/p>\n","protected":false},"author":2,"featured_media":740,"comment_status":"closed","ping_status":"closed","sticky":false,"template":"","format":"standard","meta":{"footnotes":""},"categories":[1],"tags":[],"class_list":["post-11207","post","type-post","status-publish","format-standard","has-post-thumbnail","hentry","category-cronica"],"_links":{"self":[{"href":"https:\/\/www.radiopresidenteibanez.cl\/web\/wp-json\/wp\/v2\/posts\/11207","targetHints":{"allow":["GET"]}}],"collection":[{"href":"https:\/\/www.radiopresidenteibanez.cl\/web\/wp-json\/wp\/v2\/posts"}],"about":[{"href":"https:\/\/www.radiopresidenteibanez.cl\/web\/wp-json\/wp\/v2\/types\/post"}],"author":[{"embeddable":true,"href":"https:\/\/www.radiopresidenteibanez.cl\/web\/wp-json\/wp\/v2\/users\/2"}],"replies":[{"embeddable":true,"href":"https:\/\/www.radiopresidenteibanez.cl\/web\/wp-json\/wp\/v2\/comments?post=11207"}],"version-history":[{"count":0,"href":"https:\/\/www.radiopresidenteibanez.cl\/web\/wp-json\/wp\/v2\/posts\/11207\/revisions"}],"wp:featuredmedia":[{"embeddable":true,"href":"https:\/\/www.radiopresidenteibanez.cl\/web\/wp-json\/wp\/v2\/media\/740"}],"wp:attachment":[{"href":"https:\/\/www.radiopresidenteibanez.cl\/web\/wp-json\/wp\/v2\/media?parent=11207"}],"wp:term":[{"taxonomy":"category","embeddable":true,"href":"https:\/\/www.radiopresidenteibanez.cl\/web\/wp-json\/wp\/v2\/categories?post=11207"},{"taxonomy":"post_tag","embeddable":true,"href":"https:\/\/www.radiopresidenteibanez.cl\/web\/wp-json\/wp\/v2\/tags?post=11207"}],"curies":[{"name":"wp","href":"https:\/\/api.w.org\/{rel}","templated":true}]}}