{"id":11202,"date":"2020-04-20T13:43:47","date_gmt":"2020-04-20T13:43:47","guid":{"rendered":"https:\/\/www.radiopresidenteibanez.cl\/web\/?p=11202"},"modified":"2020-04-20T13:43:51","modified_gmt":"2020-04-20T13:43:51","slug":"diputada-por-magallanes-sandra-amar-presentara-proyecto-para-beneficiar-al-sector-de-la-locomocion-colectiva-nacional-y-regional-durante-la-emergencia-sanitaria","status":"publish","type":"post","link":"https:\/\/www.radiopresidenteibanez.cl\/web\/diputada-por-magallanes-sandra-amar-presentara-proyecto-para-beneficiar-al-sector-de-la-locomocion-colectiva-nacional-y-regional-durante-la-emergencia-sanitaria\/","title":{"rendered":"DIPUTADA POR MAGALLANES SANDRA AMAR PRESENTAR\u00c1 PROYECTO PARA BENEFICIAR AL SECTOR DE LA LOCOMOCI\u00d3N COLECTIVA NACIONAL Y REGIONAL DURANTE LA EMERGENCIA SANITARIA"},"content":{"rendered":"\n<p>Pensando en apoyar\nal sector de la locomoci\u00f3n colectiva del pa\u00eds y en especial de la regi\u00f3n de\nMagallanes, es que la diputada Sandra Amar presentar\u00e1 un proyecto que permita\napoyar econ\u00f3micamente al sector, el cual como muchos otros se ha visto\nfuertemente afectado por la pandemia Covid- 19.<\/p>\n\n\n\n<p>Es por lo anterior\nque la parlamentaria se\u00f1al\u00f3 que: \u201cDebemos tener en cuenta que el rubro de la\nlocomoci\u00f3n colectiva en periodos de cuarentena frente a esta crisis, es\nfuertemente afectado, debido a que disminuye considerablemente el uso del\ntransporte colectivo, ya sea microbuses, taxis y colectivos, donde quienes\ntrabajan en el sector no pueden abandonar sus funciones exponi\u00e9ndose de gran\nmanera a contagios\u201d.<\/p>\n\n\n\n<p>Es deber velar por\nel bienestar de todas las personas, otorg\u00e1ndoles apoyo y oportunidades para que\ncumplan sus metas y salir adelante, \u201ceste proyecto solicita apoyo econ\u00f3mico\npara el sector de&nbsp; la locomoci\u00f3n\ncolectiva nacional y principalmente de la regi\u00f3n de Magallanes, para que puedan\nenfrentar la crisis que vive este gremio, con condiciones dignas y suficientes\npara seguir desarrollando su trabajo\u201d, concluy\u00f3., concluy\u00f3.<\/p>\n","protected":false},"excerpt":{"rendered":"<p>Pensando en apoyar al sector de la locomoci\u00f3n colectiva del pa\u00eds y en especial de la regi\u00f3n de Magallanes, es que la diputada Sandra Amar presentar\u00e1 un proyecto que permita&#8230; <a class=\"read-more\" href=\"https:\/\/www.radiopresidenteibanez.cl\/web\/diputada-por-magallanes-sandra-amar-presentara-proyecto-para-beneficiar-al-sector-de-la-locomocion-colectiva-nacional-y-regional-durante-la-emergencia-sanitaria\/\">Leer m\u00e1s<\/a><\/p>\n","protected":false},"author":2,"featured_media":10198,"comment_status":"closed","ping_status":"closed","sticky":false,"template":"","format":"standard","meta":{"footnotes":""},"categories":[1],"tags":[],"class_list":["post-11202","post","type-post","status-publish","format-standard","has-post-thumbnail","hentry","category-cronica"],"_links":{"self":[{"href":"https:\/\/www.radiopresidenteibanez.cl\/web\/wp-json\/wp\/v2\/posts\/11202","targetHints":{"allow":["GET"]}}],"collection":[{"href":"https:\/\/www.radiopresidenteibanez.cl\/web\/wp-json\/wp\/v2\/posts"}],"about":[{"href":"https:\/\/www.radiopresidenteibanez.cl\/web\/wp-json\/wp\/v2\/types\/post"}],"author":[{"embeddable":true,"href":"https:\/\/www.radiopresidenteibanez.cl\/web\/wp-json\/wp\/v2\/users\/2"}],"replies":[{"embeddable":true,"href":"https:\/\/www.radiopresidenteibanez.cl\/web\/wp-json\/wp\/v2\/comments?post=11202"}],"version-history":[{"count":0,"href":"https:\/\/www.radiopresidenteibanez.cl\/web\/wp-json\/wp\/v2\/posts\/11202\/revisions"}],"wp:featuredmedia":[{"embeddable":true,"href":"https:\/\/www.radiopresidenteibanez.cl\/web\/wp-json\/wp\/v2\/media\/10198"}],"wp:attachment":[{"href":"https:\/\/www.radiopresidenteibanez.cl\/web\/wp-json\/wp\/v2\/media?parent=11202"}],"wp:term":[{"taxonomy":"category","embeddable":true,"href":"https:\/\/www.radiopresidenteibanez.cl\/web\/wp-json\/wp\/v2\/categories?post=11202"},{"taxonomy":"post_tag","embeddable":true,"href":"https:\/\/www.radiopresidenteibanez.cl\/web\/wp-json\/wp\/v2\/tags?post=11202"}],"curies":[{"name":"wp","href":"https:\/\/api.w.org\/{rel}","templated":true}]}}