{"id":11197,"date":"2020-04-20T13:27:43","date_gmt":"2020-04-20T13:27:43","guid":{"rendered":"https:\/\/www.radiopresidenteibanez.cl\/web\/?p=11197"},"modified":"2020-04-20T13:27:50","modified_gmt":"2020-04-20T13:27:50","slug":"diputado-bianchi-presenta-proyecto-para-entregar-asignacion-y-seguro-de-vida-a-quienes-desempenen-funciones-esenciales","status":"publish","type":"post","link":"https:\/\/www.radiopresidenteibanez.cl\/web\/diputado-bianchi-presenta-proyecto-para-entregar-asignacion-y-seguro-de-vida-a-quienes-desempenen-funciones-esenciales\/","title":{"rendered":"DIPUTADO BIANCHI PRESENTA PROYECTO PARA ENTREGAR ASIGNACI\u00d3N Y SEGURO DE VIDA A QUIENES DESEMPE\u00d1EN FUNCIONES ESENCIALES"},"content":{"rendered":"\n<p>\u201cEn lugares donde hay\ncuarentena total, hay personas que est\u00e1n entregando servicios sin los cuales no\npodr\u00eda funcionar una ciudad. La idea de este proyecto es reconocer que hay\npersonas que est\u00e1n expuestas a un mayor riesgo, ya que est\u00e1n obligadas a\ntrabajar, a diferencia de otras que s\u00ed pueden hacer la cuarentena y, por lo\ntanto, queremos entregarles estos beneficios debido al riesgo que implican sus\nlabores\u201d, dijo el parlamentario.<\/p>\n\n\n\n<p>Respecto a quienes est\u00e1n\ndirigidos estos beneficios, el documento se\u00f1ala: \u201cA todos los trabajadores que\ndesempe\u00f1en, sin distinci\u00f3n del r\u00e9gimen contractual, actividades laborales en el\nsector de la salud, emergencias, alimentos y todos los exceptuados de paralizar\nsus actividades seg\u00fan la Resoluci\u00f3n Exenta N\u00ba 88 del Ministerio de Hacienda de\nfecha 6 de abril de 2020\u201d.<\/p>\n\n\n\n<p>As\u00ed, est\u00e1 dirigido por ejemplo\na los funcionarios de hospitales, Cesfam, SAPU, los servicios que entregan\nalimento, limpieza, reparaci\u00f3n y mantenimiento esencial para el funcionamiento\nde estos recintos asistenciales, las farmacias, laboratorios, productores de\nmedicamentos; recolectores de basura, de transporte de residuos, servicios en\nresidencias destinadas a ni\u00f1os, ni\u00f1as y adolescentes, adultos mayores, y de\npersonas con discapacidad o en situaci\u00f3n de calle.<\/p>\n\n\n\n<p>Tambi\u00e9n a quienes trabajan en\nservicios para el mantenimiento, reparaci\u00f3n y funcionamiento de la\ninfraestructura p\u00fablica, a los trabajadores de supermercados, panader\u00edas,\nmercados, centros de abastecimiento, distribuci\u00f3n, producci\u00f3n de alimentos y\nlos que provean los insumos y servicios log\u00edsticos para ellos, entre otros\nmencionados en tal resoluci\u00f3n.<\/p>\n\n\n\n<p>El diputado independiente\nexplica que este proyecto se enfoca en la necesidad de crear estabilidad\nfinanciera en personas que exponen su vida para recuperar la salud de todos los\nhabitantes del pa\u00eds y a los que hacen posible que se sigan suministrando\nservicios imprescindibles para el buen funcionamiento de las ciudades.<\/p>\n\n\n\n<p>De esta manera, el mecanismo\npropuesto es la creaci\u00f3n de dos instituciones, una asignaci\u00f3n por el desempe\u00f1o\nde funciones cr\u00edticas y un seguro de vida. La primera es definida por la\nContralor\u00eda General de la Rep\u00fablica como un \u201cestipendio que se otorga mensualmente\na los funcionarios de planta y a contrata, (\u2026) que no correspondan a altos\ndirectivos p\u00fablicos y que desempe\u00f1en funciones calificadas como cr\u00edticas por la\nautoridad\u201d.<\/p>\n\n\n\n<p>De acuerdo a la ley N\u00b019.882,\nse considerar\u00e1n funciones cr\u00edticas aquellas que sean relevantes o estrat\u00e9gicas\npara la gesti\u00f3n del respectivo ministerio o instituci\u00f3n por la responsabilidad\nque implica su desempe\u00f1o y por la incidencia en los productos o servicios que\n\u00e9stos deben proporcionar.<\/p>\n\n\n\n<p>El parlamentario aclara que el\nproyecto de resoluci\u00f3n considera que, dadas las circunstancias particulares de pandemia,\nlas labores que desempe\u00f1an los funcionarios de instituciones que no pueden paralizar\nsus actividades deben ser consideradas como \u201crelevantes y estrat\u00e9gicas\u201d.<\/p>\n\n\n\n<p>De igual manera, el diputado\nmagall\u00e1nico aclara que, si bien esta asignaci\u00f3n es otorgada s\u00f3lo a funcionarios\nde planta y a contrata de los servicios p\u00fablicos, el proyecto de resoluci\u00f3n considera\nque no se deben hacer distinciones en cuanto al r\u00e9gimen de contrataci\u00f3n para\notorgar el incentivo econ\u00f3mico.<\/p>\n\n\n\n<p>\u201cEl seguro de vida que proponemos\notorgar es lo m\u00ednimo que el Estado debe entregar a los funcionarios que ponen\nen riesgo su vida realizando funciones destinadas a combatir una pandemia que\nha costado la vida a millones de personas en el mundo, lo que tambi\u00e9n les\nentregar\u00e1 seguridad a sus familias\u201d, concluy\u00f3.<\/p>\n","protected":false},"excerpt":{"rendered":"<p>\u201cEn lugares donde hay cuarentena total, hay personas que est\u00e1n entregando servicios sin los cuales no podr\u00eda funcionar una ciudad. La idea de este proyecto es reconocer que hay personas&#8230; <a class=\"read-more\" href=\"https:\/\/www.radiopresidenteibanez.cl\/web\/diputado-bianchi-presenta-proyecto-para-entregar-asignacion-y-seguro-de-vida-a-quienes-desempenen-funciones-esenciales\/\">Leer m\u00e1s<\/a><\/p>\n","protected":false},"author":2,"featured_media":5567,"comment_status":"closed","ping_status":"closed","sticky":false,"template":"","format":"standard","meta":{"footnotes":""},"categories":[1],"tags":[],"class_list":["post-11197","post","type-post","status-publish","format-standard","has-post-thumbnail","hentry","category-cronica"],"_links":{"self":[{"href":"https:\/\/www.radiopresidenteibanez.cl\/web\/wp-json\/wp\/v2\/posts\/11197","targetHints":{"allow":["GET"]}}],"collection":[{"href":"https:\/\/www.radiopresidenteibanez.cl\/web\/wp-json\/wp\/v2\/posts"}],"about":[{"href":"https:\/\/www.radiopresidenteibanez.cl\/web\/wp-json\/wp\/v2\/types\/post"}],"author":[{"embeddable":true,"href":"https:\/\/www.radiopresidenteibanez.cl\/web\/wp-json\/wp\/v2\/users\/2"}],"replies":[{"embeddable":true,"href":"https:\/\/www.radiopresidenteibanez.cl\/web\/wp-json\/wp\/v2\/comments?post=11197"}],"version-history":[{"count":0,"href":"https:\/\/www.radiopresidenteibanez.cl\/web\/wp-json\/wp\/v2\/posts\/11197\/revisions"}],"wp:featuredmedia":[{"embeddable":true,"href":"https:\/\/www.radiopresidenteibanez.cl\/web\/wp-json\/wp\/v2\/media\/5567"}],"wp:attachment":[{"href":"https:\/\/www.radiopresidenteibanez.cl\/web\/wp-json\/wp\/v2\/media?parent=11197"}],"wp:term":[{"taxonomy":"category","embeddable":true,"href":"https:\/\/www.radiopresidenteibanez.cl\/web\/wp-json\/wp\/v2\/categories?post=11197"},{"taxonomy":"post_tag","embeddable":true,"href":"https:\/\/www.radiopresidenteibanez.cl\/web\/wp-json\/wp\/v2\/tags?post=11197"}],"curies":[{"name":"wp","href":"https:\/\/api.w.org\/{rel}","templated":true}]}}