{"id":11195,"date":"2020-04-20T13:25:32","date_gmt":"2020-04-20T13:25:32","guid":{"rendered":"https:\/\/www.radiopresidenteibanez.cl\/web\/?p=11195"},"modified":"2020-04-20T13:25:38","modified_gmt":"2020-04-20T13:25:38","slug":"un-nuevo-maquinismo-por-ernesto-sepulveda","status":"publish","type":"post","link":"https:\/\/www.radiopresidenteibanez.cl\/web\/un-nuevo-maquinismo-por-ernesto-sepulveda\/","title":{"rendered":"UN NUEVO MAQUINISMO por ERNESTO SEPULVEDA"},"content":{"rendered":"\n<p>A fines del siglo XVIII y comienzos del XIX, impulsado por los grandes\ninventos y adelantos tecnol\u00f3gicos, que trajo consigo la revoluci\u00f3n industrial,\nse produce un incremento sin parang\u00f3n de la producci\u00f3n industrial. Tareas efectuadas\ncon gran esfuerzo por las manos de los trabajadores, fueron sustituidas\naceleradamente, por la introducci\u00f3n de m\u00e1quinas.&nbsp;<\/p>\n\n\n\n<p>La demanda de productos manufacturados, no pudo ser satisfecha por los\nm\u00e9todos tradicionales, y existi\u00f3 una presi\u00f3n constante por descubrir nuevas\nformas, y realizar nuevos inventos. En 1701, Jethro Tull, crea la m\u00e1quina\nsembradora; En 1709, Abraham Derby realiza la fusi\u00f3n de hierro con Carb\u00f3n; En\n1712, Thomas Newcomen, crea la bomba de vapor; En 1732, Michael Mensies, crea la\nm\u00e1quina Trilladora; En 1733, Jhon Kay, crea la Lanzadera volante; En 1768,\nJames Hargraves, rea la m\u00e1quina de hilar; En 1769, James Watt, crea la m\u00e1quina\nde vapor; En 1774, John Wilkinson, crea el taladro de ca\u00f1\u00f3n perforador; En\n1777, James Sharp, crea la m\u00e1quina aventadora; En 1784, Henry\nCort&nbsp;&nbsp;crea el hierro laminado; en 1785&nbsp;&nbsp;Claude Louis\nBerthollet, cre\u00f3 el blanqueado a cloro; En 1787, Edmund Cartwright cre\u00f3 el\ntelar mec\u00e1nico; En 1793, Ely Whitney cre\u00f3 la desmontadora de algod\u00f3n: En 1800,\nHenry Maudslay, realiz\u00f3 el perfeccionamiento del torno.<\/p>\n\n\n\n<p>El aumento de la producci\u00f3n fabril, s\u00f3lo segu\u00eda al aumento continuo de la\ndemanda. El l\u00edmite de la capacidad humana, se hab\u00eda superado gracias a los\nnuevos inventos y nuevas tecnolog\u00edas. La total libertad de contrataci\u00f3n, y\nausencia de restricciones legales, multiplicaron los turnos de trabajo, no solo\npara hombres y mujeres adultos, sino tambi\u00e9n para ni\u00f1os de escasos a\u00f1os.<\/p>\n\n\n\n<p>El&nbsp;&nbsp;\u201cMaquinismo\u201d, que buscaba suplir las limitaciones f\u00edsicas del\nhombre,&nbsp;&nbsp;con m\u00e1quinas que&nbsp;&nbsp;aumentaran&nbsp;&nbsp;la\nproducci\u00f3n ilimitadamente, dio lugar a un movimiento de los trabajadores\ndenominado \u201cLudismo\u201d, que pretend\u00eda oponerse a las m\u00e1quinas, por atentar contra\nlas fuentes de trabajo. La m\u00e1quina a vapor pod\u00eda reemplazar la capacidad de\ntrabajo de decenas de obreros.<\/p>\n\n\n\n<p>Los siglos XIX y XX, reprodujeron a tendencia iniciada con la revoluci\u00f3n\nindustrial, de buscar nuevas formas de producci\u00f3n, uso de nuevas fuentes de\nenerg\u00eda, nuevos inventos y nuevas tecnolog\u00edas, para aumentar a\u00fan m\u00e1s la\nproducci\u00f3n industrial. Normativas laborales y regulaciones medioambientales,\nsurgidas al cabo de un siglo de organizaci\u00f3n de los trabajadores y los\nconsumidores. paulatinamente hicieron mas caro, producir en casa. Numerosas\nempresas, y luego consorcios industriales transnacionales, trasladaron sus\nf\u00e1bricas y usinas, a pa\u00edses en v\u00edas de desarrollo. El bajo costo de la mano de\nobra y la desregulaci\u00f3n ambiental, permiti\u00f3 incrementar la tasa de ganancia.<\/p>\n\n\n\n<p>La globalizaci\u00f3n como un fen\u00f3meno, de expansi\u00f3n del capitalismo por todo el\norbe, llev\u00f3 aparejada una explosi\u00f3n de adelantos tecnol\u00f3gicos, y una revoluci\u00f3n\nen las comunicaciones, que nos tiene en medio de una cuarta revoluci\u00f3n\nindustrial. Las comunicaciones en tiempo real, la Internet de las cosas, y cada\nvez m\u00e1s la Inteligencia artificial, ponen en duda la estrategia de desarrollo,\nde los pa\u00edses emergentes.<\/p>\n\n\n\n<p>El impacto global de la pandemia del Covid19, ha tensionado la capacidad de\nlos pa\u00edses, para suplir las necesidades de su poblaci\u00f3n, con la econom\u00eda\npr\u00e1cticamente detenida. El desarrollo cient\u00edfico y tecnol\u00f3gico, es lo que hace\nla diferencia hoy d\u00eda, en la mejor o m\u00e1s r\u00e1pida respuesta t\u00e9cnica a la crisis\nsanitaria. En los pa\u00edses emergentes, entre los que se encuentra Chile, desde el\npunto de vista social, los trabajadores se encuentran inermes ante el tama\u00f1o de\nla crisis econ\u00f3mica que se avecina.<\/p>\n\n\n\n<p>Existe una fuerte&nbsp;&nbsp;presi\u00f3n por generar ingresos, de los\ntrabajadores y sus familias, en un contexto de vastos sectores de la econom\u00eda,\ncon prohibici\u00f3n de funcionamiento, industrias cerradas,\no&nbsp;&nbsp;territorios en cuarentena. Una f\u00f3rmula que surgi\u00f3 como una\nalternativa, para continuar operando en algunos sectores, fue el tele trabajo.\nEntendido como aquel que se puede efectuar a trav\u00e9s de medios tecnol\u00f3gicos,\nplataformas on line, o las propias p\u00e1ginas web de las empresas, cuando estas\nexisten.<\/p>\n\n\n\n<p>Exist\u00eda desde el 2017, un proyecto de ley iniciado por moci\u00f3n parlamentaria\npare regular en Chile, el tele trabajo o trabajo a distancia. La inflexibilidad\nde la c\u00fapula sindical, y la miop\u00eda de algunos partidos pol\u00edticos, impidi\u00f3 su\naprobaci\u00f3n en tiempos normales. S\u00f3lo pudo aprobarse a ra\u00edz de la crisis del\nCoronavirus.<\/p>\n\n\n\n<p>El trabajo a distancia existe pr\u00e1cticamente en todo el mundo desarrollado.\nPoder prestar servicios desde el propio hogar del trabajador, o de un lugar\nlibremente elegido por \u00e9l. Gracias a las modernas tecnolog\u00edas de comunicaci\u00f3n,\nhoy es una realidad en Chile. El temor de la c\u00fapula sindical, se parece mucho\nal \u201cLudismo\u201d, aqu\u00e9l movimiento que se opon\u00eda a la introducci\u00f3n de m\u00e1quinas en\nla producci\u00f3n industrial.<\/p>\n\n\n\n<p>La tardanza que nos tomamos como pa\u00eds para desarrollar la red de fibra\n\u00f3ptica, la ausencia de pol\u00edticas educacionales y laborales que promovieran el\nuso de las plataformas on line, nos tiene ahora, tratando de recuperar el tiempo\nperdido en medio de la crisis.<\/p>\n\n\n\n<p>Este fen\u00f3meno de la sustituci\u00f3n de la presencia f\u00edsica del trabajador, en\nuna oficina, o empresa, no tiene vuelta atr\u00e1s. Pol\u00edticos y c\u00fapulas sindicales,\nser\u00e1n desplazados por millones de personas, que podr\u00e1n hacer su trabajo, en\nmenos tiempo, y sin necesidad de salir de su hogar. Eso abre un mundo de\nposibilidades, para incrementar la participaci\u00f3n laboral de mujeres y j\u00f3venes.\nTambi\u00e9n se abren nuevas perspectivas para personas de la tercera edad, o\npersonas con movilidad reducida, tambi\u00e9n para personas con habilidades\ndiferentes.<\/p>\n\n\n\n<p>El estudio&nbsp;&nbsp;online, tambi\u00e9n tendr\u00e1 un impacto en nuestra\nsociedad. Lo que ayer se miraba con desconfianza, y como sin\u00f3nimo de mala\ncalidad, o de carreras chantas, hoy ser\u00e1 la regla. Apertura de contenidos de\nuniversidades, bibliotecas, centros de estudios, canales de TV, y otros,\npermiten hoy d\u00eda, acceder a fuentes de investigaci\u00f3n, a datos de estudio, y a\ncultura, gratuitos y de calidad.<\/p>\n\n\n\n<p>La modernizaci\u00f3n del estado, ofrecida desde los a\u00f1os noventa, ahora debe\nser una realidad. Es una exigencia del presente, el contar con servicios\np\u00fablicos que garanticen el acceso a todos los ciudadanos, con mayor raz\u00f3n en\ntiempos de crisis. La plataforma de gobierno electr\u00f3nico deber\u00e1 fortalecerse, y\nla firma electr\u00f3nica masificarse, para reducir al m\u00ednimo las visitas personales\na los organismos p\u00fablicos.<\/p>\n\n\n\n<p>Esta es una gran oportunidad para quienes habitamos en las regiones\nextremas. Nuestra distancia del centro del pa\u00eds, podr\u00eda devenir en una ventaja,\ncuando finalmente las operadoras privadas de comunicaciones se conecten, a la\nred p\u00fablica de Fibra \u00d3ptica Austral. Contar con una super carretera virtual de\nalta velocidad, es un herramienta que nos permitir\u00e1, traer conocimiento a la\nregi\u00f3n, tambi\u00e9n producirlo ac\u00e1, y enviarlo al mundo.<\/p>\n\n\n\n<p>Vamos a superar esta crisis, y lo haremos sin temores. Mirando las\nposibilidades de crecimiento, de conocimiento y de superaci\u00f3n. Nuevas formas de\nrelacionarnos, nuevas formas de trabajo, nuevas formas de estudio, son oportunidades,\nno barreras, son desaf\u00edos, no obst\u00e1culos.<\/p>\n\n\n\n<p>Miremos con esperanza el futuro, porque por primera vez,&nbsp;&nbsp;lo\nenfrentamos todos juntos como habitantes de la aldea global.&nbsp;<\/p>\n\n\n\n<p>Ernesto Sep\u00falveda Tornero&nbsp;<\/p>\n","protected":false},"excerpt":{"rendered":"<p>A fines del siglo XVIII y comienzos del XIX, impulsado por los grandes inventos y adelantos tecnol\u00f3gicos, que trajo consigo la revoluci\u00f3n industrial, se produce un incremento sin parang\u00f3n de&#8230; <a class=\"read-more\" href=\"https:\/\/www.radiopresidenteibanez.cl\/web\/un-nuevo-maquinismo-por-ernesto-sepulveda\/\">Leer m\u00e1s<\/a><\/p>\n","protected":false},"author":2,"featured_media":2310,"comment_status":"closed","ping_status":"closed","sticky":false,"template":"","format":"standard","meta":{"footnotes":""},"categories":[1],"tags":[],"class_list":["post-11195","post","type-post","status-publish","format-standard","has-post-thumbnail","hentry","category-cronica"],"_links":{"self":[{"href":"https:\/\/www.radiopresidenteibanez.cl\/web\/wp-json\/wp\/v2\/posts\/11195","targetHints":{"allow":["GET"]}}],"collection":[{"href":"https:\/\/www.radiopresidenteibanez.cl\/web\/wp-json\/wp\/v2\/posts"}],"about":[{"href":"https:\/\/www.radiopresidenteibanez.cl\/web\/wp-json\/wp\/v2\/types\/post"}],"author":[{"embeddable":true,"href":"https:\/\/www.radiopresidenteibanez.cl\/web\/wp-json\/wp\/v2\/users\/2"}],"replies":[{"embeddable":true,"href":"https:\/\/www.radiopresidenteibanez.cl\/web\/wp-json\/wp\/v2\/comments?post=11195"}],"version-history":[{"count":0,"href":"https:\/\/www.radiopresidenteibanez.cl\/web\/wp-json\/wp\/v2\/posts\/11195\/revisions"}],"wp:featuredmedia":[{"embeddable":true,"href":"https:\/\/www.radiopresidenteibanez.cl\/web\/wp-json\/wp\/v2\/media\/2310"}],"wp:attachment":[{"href":"https:\/\/www.radiopresidenteibanez.cl\/web\/wp-json\/wp\/v2\/media?parent=11195"}],"wp:term":[{"taxonomy":"category","embeddable":true,"href":"https:\/\/www.radiopresidenteibanez.cl\/web\/wp-json\/wp\/v2\/categories?post=11195"},{"taxonomy":"post_tag","embeddable":true,"href":"https:\/\/www.radiopresidenteibanez.cl\/web\/wp-json\/wp\/v2\/tags?post=11195"}],"curies":[{"name":"wp","href":"https:\/\/api.w.org\/{rel}","templated":true}]}}