{"id":11186,"date":"2020-04-19T18:07:47","date_gmt":"2020-04-19T18:07:47","guid":{"rendered":"https:\/\/www.radiopresidenteibanez.cl\/web\/?p=11186"},"modified":"2020-04-19T18:07:51","modified_gmt":"2020-04-19T18:07:51","slug":"solidaridad-y-liderazgo-por-rolando-martinez","status":"publish","type":"post","link":"https:\/\/www.radiopresidenteibanez.cl\/web\/solidaridad-y-liderazgo-por-rolando-martinez\/","title":{"rendered":"SOLIDARIDAD Y LIDERAZGO por ROLANDO MART\u00cdNEZ"},"content":{"rendered":"\n<p>Dos conceptos que\nest\u00e1n sometidos a prueba en estos tiempos: solidaridad y liderazgo. <\/p>\n\n\n\n<p>En tiempos dif\u00edciles\nla solidaridad de las personas adquiere una connotaci\u00f3n especial y es en las\ncomunidades donde es palpable la forma en que la gente se organiza para ir en\napoyo de determinado grupo o persona. <\/p>\n\n\n\n<p>Pero en el presente la\nsolidaridad se muestra en una dimensi\u00f3n especial ya que en medio de una\npandemia mundial debemos actuar con solidaridad de m\u00faltiples formas. Primero\nsiendo solidarios con nosotros mismos acatando los llamados a permanecer en\ncasa y cuidarnos para evitar contagios por el Covid-19. Luego, ser solidarios\npara organizarnos entre los cercanos en el barrio quiz\u00e1s y apoyar al&nbsp; vecino que no puede salir por tener alguna\nenfermedad prevalente y ante el impedimento de ir a comprar alg\u00fan alimento uno\nasuma esa opci\u00f3n de apoyo.<\/p>\n\n\n\n<p>Tambi\u00e9n la solidaridad\nse manifiesta para apoyar a las familias que enfrentan una situaci\u00f3n a\u00fan m\u00e1s\ncomplicada con alguno de sus miembros postrado o con una enfermedad que demanda\nmayores gastos m\u00e9dicos y se suma ahora la crisis econ\u00f3mica derivada por la\neventual cesant\u00eda o menor ingreso en los jefes de hogar.<\/p>\n","protected":false},"excerpt":{"rendered":"<p>Dos conceptos que est\u00e1n sometidos a prueba en estos tiempos: solidaridad y liderazgo. En tiempos dif\u00edciles la solidaridad de las personas adquiere una connotaci\u00f3n especial y es en las comunidades&#8230; <a class=\"read-more\" href=\"https:\/\/www.radiopresidenteibanez.cl\/web\/solidaridad-y-liderazgo-por-rolando-martinez\/\">Leer m\u00e1s<\/a><\/p>\n","protected":false},"author":2,"featured_media":11184,"comment_status":"closed","ping_status":"closed","sticky":false,"template":"","format":"standard","meta":{"footnotes":""},"categories":[1],"tags":[],"class_list":["post-11186","post","type-post","status-publish","format-standard","has-post-thumbnail","hentry","category-cronica"],"_links":{"self":[{"href":"https:\/\/www.radiopresidenteibanez.cl\/web\/wp-json\/wp\/v2\/posts\/11186","targetHints":{"allow":["GET"]}}],"collection":[{"href":"https:\/\/www.radiopresidenteibanez.cl\/web\/wp-json\/wp\/v2\/posts"}],"about":[{"href":"https:\/\/www.radiopresidenteibanez.cl\/web\/wp-json\/wp\/v2\/types\/post"}],"author":[{"embeddable":true,"href":"https:\/\/www.radiopresidenteibanez.cl\/web\/wp-json\/wp\/v2\/users\/2"}],"replies":[{"embeddable":true,"href":"https:\/\/www.radiopresidenteibanez.cl\/web\/wp-json\/wp\/v2\/comments?post=11186"}],"version-history":[{"count":0,"href":"https:\/\/www.radiopresidenteibanez.cl\/web\/wp-json\/wp\/v2\/posts\/11186\/revisions"}],"wp:featuredmedia":[{"embeddable":true,"href":"https:\/\/www.radiopresidenteibanez.cl\/web\/wp-json\/wp\/v2\/media\/11184"}],"wp:attachment":[{"href":"https:\/\/www.radiopresidenteibanez.cl\/web\/wp-json\/wp\/v2\/media?parent=11186"}],"wp:term":[{"taxonomy":"category","embeddable":true,"href":"https:\/\/www.radiopresidenteibanez.cl\/web\/wp-json\/wp\/v2\/categories?post=11186"},{"taxonomy":"post_tag","embeddable":true,"href":"https:\/\/www.radiopresidenteibanez.cl\/web\/wp-json\/wp\/v2\/tags?post=11186"}],"curies":[{"name":"wp","href":"https:\/\/api.w.org\/{rel}","templated":true}]}}