{"id":11183,"date":"2020-04-19T18:02:50","date_gmt":"2020-04-19T18:02:50","guid":{"rendered":"https:\/\/www.radiopresidenteibanez.cl\/web\/?p=11183"},"modified":"2020-04-19T18:02:54","modified_gmt":"2020-04-19T18:02:54","slug":"a-superar-los-temores-por-rolando-martinez","status":"publish","type":"post","link":"https:\/\/www.radiopresidenteibanez.cl\/web\/a-superar-los-temores-por-rolando-martinez\/","title":{"rendered":"A SUPERAR LOS TEMORES por ROLANDO MART\u00cdNEZ"},"content":{"rendered":"\n<p>Admito que hoy las dudas, incertidumbres y temores pueden inundar las\nmentes de muchos. <\/p>\n\n\n\n<p>\u00bfQu\u00e9 pasar\u00e1 con mi futuro? \u00bfC\u00f3mo seguiremos en los proyectos? \u00bfCu\u00e1ntos\nrecursos se destinar\u00e1n para una u otra iniciativa? <\/p>\n\n\n\n<p>Todas las interrogantes hay que dejarlas pendientes y no dar espacio a\nque las preocupaciones inunden nuestra mente. Lo importante ahora es cuidarse y\nencarar de la mejor forma la pandemia que detuvo al mundo.<\/p>\n\n\n\n<p>Es cierto que la agenda noticiosa, la conversaci\u00f3n diaria, est\u00e1 marcada\npor la evoluci\u00f3n diaria que muestra el Covid19 o coronavirus. No hay otra\nopci\u00f3n al encender los canales de televisi\u00f3n abiertos o revisar los portales\ninformativos.<\/p>\n\n\n\n<p>Lo mejor es saber matizar el d\u00eda seleccionando el canal por el cual uno\nse actualiza con la informaci\u00f3n y despu\u00e9s dar espacio a realizar cosas que se\nhan postergado cuando no se est\u00e1 en casa y que ahora dispone del tiempo para\nconcretarlo. Elegir una buena lectura y aprovechar de ver pel\u00edculas que nos\ndejen con buen \u00e1nimo.<\/p>\n\n\n\n<p>Dejamos de hablar de los proyectos y sus costos. La agenda noticiosa de\nMagallanes dej\u00f3 de estar dominada por obras y futuras inversiones que\nenfrentaban a los impulsores y detractores.<\/p>\n\n\n\n<p>Hoy el foco est\u00e1 orientado a cuidarnos todos. A evitar las\naglomeraciones de personas y a repetir hasta el cansancio en la necesidad de\nquedarse en casa.<\/p>\n\n\n\n<p>Los temores no nos ayudan para este momento porque si damos espacio a\nello solo alimentar\u00e1n una angustia que tampoco ser\u00e1 positiva. Es el momento de\nreforzar nuestros sue\u00f1os, ilusiones y con ellos cultivar una mente positiva sin\ncabida a los miedos.<\/p>\n\n\n\n<p>Hoy solo pensamos en el presente y en la forma de encarar cada d\u00eda esta\nsituaci\u00f3n. Ya vendr\u00e1 el momento de reordenar nuestra carga y mirar la forma de\nsalir adelante, aunque es cierto que hay otro sector de la poblaci\u00f3n que tiene\nnecesidades urgentes y no puede darse el lujo de esperar. <\/p>\n\n\n\n<p>Cu\u00e1nto quisiera uno que la ayuda fuera expedita para todos los sectores\nque m\u00e1s lo necesitan y sea igualitaria, pero no siempre ha sido as\u00ed y seguir\u00e1\nhabiendo familias que pensar\u00e1n que su futuro seguir\u00e1 siendo m\u00e1s negro que el\npresente.<\/p>\n\n\n\n<p>Ante la adversidad lo \u00fanico que nos queda es pensar en positivo y tener\nesperanzas que todos juntos superaremos los temores.<\/p>\n","protected":false},"excerpt":{"rendered":"<p>Admito que hoy las dudas, incertidumbres y temores pueden inundar las mentes de muchos. \u00bfQu\u00e9 pasar\u00e1 con mi futuro? \u00bfC\u00f3mo seguiremos en los proyectos? \u00bfCu\u00e1ntos recursos se destinar\u00e1n para una&#8230; <a class=\"read-more\" href=\"https:\/\/www.radiopresidenteibanez.cl\/web\/a-superar-los-temores-por-rolando-martinez\/\">Leer m\u00e1s<\/a><\/p>\n","protected":false},"author":2,"featured_media":11184,"comment_status":"closed","ping_status":"closed","sticky":false,"template":"","format":"standard","meta":{"footnotes":""},"categories":[1],"tags":[],"class_list":["post-11183","post","type-post","status-publish","format-standard","has-post-thumbnail","hentry","category-cronica"],"_links":{"self":[{"href":"https:\/\/www.radiopresidenteibanez.cl\/web\/wp-json\/wp\/v2\/posts\/11183","targetHints":{"allow":["GET"]}}],"collection":[{"href":"https:\/\/www.radiopresidenteibanez.cl\/web\/wp-json\/wp\/v2\/posts"}],"about":[{"href":"https:\/\/www.radiopresidenteibanez.cl\/web\/wp-json\/wp\/v2\/types\/post"}],"author":[{"embeddable":true,"href":"https:\/\/www.radiopresidenteibanez.cl\/web\/wp-json\/wp\/v2\/users\/2"}],"replies":[{"embeddable":true,"href":"https:\/\/www.radiopresidenteibanez.cl\/web\/wp-json\/wp\/v2\/comments?post=11183"}],"version-history":[{"count":0,"href":"https:\/\/www.radiopresidenteibanez.cl\/web\/wp-json\/wp\/v2\/posts\/11183\/revisions"}],"wp:featuredmedia":[{"embeddable":true,"href":"https:\/\/www.radiopresidenteibanez.cl\/web\/wp-json\/wp\/v2\/media\/11184"}],"wp:attachment":[{"href":"https:\/\/www.radiopresidenteibanez.cl\/web\/wp-json\/wp\/v2\/media?parent=11183"}],"wp:term":[{"taxonomy":"category","embeddable":true,"href":"https:\/\/www.radiopresidenteibanez.cl\/web\/wp-json\/wp\/v2\/categories?post=11183"},{"taxonomy":"post_tag","embeddable":true,"href":"https:\/\/www.radiopresidenteibanez.cl\/web\/wp-json\/wp\/v2\/tags?post=11183"}],"curies":[{"name":"wp","href":"https:\/\/api.w.org\/{rel}","templated":true}]}}