{"id":11181,"date":"2020-04-19T17:53:24","date_gmt":"2020-04-19T17:53:24","guid":{"rendered":"https:\/\/www.radiopresidenteibanez.cl\/web\/?p=11181"},"modified":"2020-04-19T17:53:28","modified_gmt":"2020-04-19T17:53:28","slug":"directorio-de-anef-magallanes-califica-como-una-irresponsabilidad-criminal-el-llamado-de-las-autoridades-de-servicios-a-retomar-labores-presenciales","status":"publish","type":"post","link":"https:\/\/www.radiopresidenteibanez.cl\/web\/directorio-de-anef-magallanes-califica-como-una-irresponsabilidad-criminal-el-llamado-de-las-autoridades-de-servicios-a-retomar-labores-presenciales\/","title":{"rendered":"DIRECTORIO DE ANEF MAGALLANES CALIFICA COMO UNA \u201cIRRESPONSABILIDAD CRIMINAL\u201d, EL LLAMADO DE LAS  AUTORIDADES DE SERVICIOS A RETOMAR LABORES PRESENCIALES"},"content":{"rendered":"\n<p>La Agrupaci\u00f3n Nacional de\nEmpleados Fiscales de Magallanes, ve con preocupaci\u00f3n que a los directores de\nservicios como el Registro Civil, FONASA y JUNJI, <strong>se comiencen a sumar las restantes reparticiones p\u00fablicas, al llamado a\nsus trabajadoras y trabajadores, a retomar sus labores en las oficinas el lunes\n20 de abril, pasando a llevar incluso el estado de cuarentena total y\nobligatoria en que se encuentra la comuna desde el jueves 2 y hasta el 23 de\nabril.<\/strong><\/p>\n\n\n\n<p>Desde que entr\u00f3 en vigencia el\nEstado de Excepci\u00f3n Constitucional de Cat\u00e1strofe, la Crisis Sanitaria sigue\nprofundizando sus m\u00faltiples impactos en nuestro pa\u00eds, principalmente porque <strong>ha dejado al descubierto las grandes\nbrechas sociales que tenemos y, por otro lado, las medidas adoptadas por el\ngobierno, como la reci\u00e9n descrita, siguen evidenciando que su \u00fanica prioridad,\nes el resguardo de los intereses econ\u00f3micos, por sobre la protecci\u00f3n de la\nsalud y la vida de los\/as chilenos\/as.<\/strong><\/p>\n\n\n\n<p>En Punta Arenas donde la comuna\nest\u00e1 en cuarentena total y obligatoria, los edificios p\u00fablicos no han sido\nsanitizados, no hay garant\u00edas de que los trabajadores que retomen sus funciones\nel lunes, tengan los implementos necesarios para protegerse, tales como guantes\nmascarillas, alcohol gel; no hay un sistema de transporte que est\u00e9 operando con\nla cantidad y fluidez que se necesita para tener un gran n\u00famero de personas\ncirculando en las calles; <strong>creemos que\nreabrir la atenci\u00f3n presencial en estas circunstancias, es de una<\/strong> <strong>irresponsabilidad criminal injustificable.<\/strong><\/p>\n\n\n\n<p>Estamos ad portas de iniciar el\nper\u00edodo invernal, con las consecuencias que eso significa para la red de salud\nregional con el incremento de enfermedades respiratorias,&nbsp; incrementando adem\u00e1s el riesgo de contagio y letalidad\npor COVID-19. 34 nuevos contagios se informaron el d\u00eda de hoy, lo que eleva la\ncifra regional a 501 casos de Covid-19, de los cuales 470 pertenecen a la\ncomuna de Punta Arenas. <strong>Cifras que nos\nmantienen como la regi\u00f3n con la tasa m\u00e1s alta de contagios.<\/strong><\/p>\n\n\n\n<p>Son muchos los\/as trabajadores\/as\ndel Estado que est\u00e1n hoy cumpliendo funciones presenciales a lo largo de la\nregi\u00f3n. En primer lugar, los funcionarios de la red P\u00fablica de Salud\ncentralizada y municipal, as\u00ed como de los dem\u00e1s organismos cl\u00ednicos estatales y\nprivados, que se encuentran en primera l\u00ednea sustentando el derecho a la vida\nde miles de chilenos que siguen estando expuestos al contagio de COVID-19 <strong>por la postergaci\u00f3n de las medidas\nsanitarias. <\/strong><\/p>\n\n\n\n<p>Asimismo, est\u00e1n nuestros\ncompa\u00f1eros\/as en las fronteras, en los aeropuertos, puertos, en los centros\npenales, en las tareas de salud p\u00fablica, en la protecci\u00f3n de la infancia, y\ntantos otros en puestos estrat\u00e9gicos del Estado que, <strong>pese a la lentitud con que se adoptan las medidas de protecci\u00f3n\npersonal y seguridad laboral, siguen cumpliendo sus labores porque su\ncompromiso es con la ciudadan\u00eda, m\u00e1s all\u00e1 del gobierno de turno. <\/strong><\/p>\n\n\n\n<p>Otra parte de nuestros compa\u00f1eros\nhan adoptado modalidades de trabajo remoto temporal, sin que se provea para\ntodos ellos, &nbsp;las condiciones &nbsp;ni elementos para desarrollarlo de manera\nadecuada. Asumiendo, pese a las condiciones desfavorables, y de las\nrestricciones presupuestarias, un compromiso con el resguardo de &nbsp;los derechos de todos\/as, <strong>particularmente de los sectores que nuestra sociedad ha condenado a la\nexclusi\u00f3n, la pobreza o la vulnerabilidad, los adultos mayores, la poblaci\u00f3n\nrural e ind\u00edgena, as\u00ed como las posibilidades de las peque\u00f1as empresas de\nsobrevivir. <\/strong><\/p>\n\n\n\n<p>Queremos decir con claridad, que\nhoy nuestro compromiso est\u00e1 puesto, en contribuir a garantizar&nbsp; que el Estado llegue a la comunidad que\nrequiere, <strong>hoy m\u00e1s que nunca, la\npresencia de pol\u00edticas p\u00fablicas y de acciones concretas para enfrentar los\nefectos sanitarios, econ\u00f3micos y sociales que la pandemia provoca.<\/strong><\/p>\n\n\n\n<p>Es urgente tomar las medidas\nnecesarias y realizar las inversiones requeridas para que las funciones\ncr\u00edticas del Estado, puedan realizarse en formatos presenciales o remotos, <strong>con la eficiencia y oportunidad que hoy\nentendemos perfectamente se requiere<\/strong>. Y en cada funci\u00f3n cr\u00edtica presencial\nque se implemente, se deben tomar las medidas para que los funcionarios\/as&nbsp; <strong>cuenten\ncon las condiciones de seguridad y protecci\u00f3n a fin de no exponerlos a riesgos\nde contagio, e implementar mecanismos de relevo y rotaci\u00f3n de esas tareas.<\/strong><\/p>\n\n\n\n<p>Vemos hoy, las problem\u00e1ticas que\nse denuncian diariamente y aglomeraciones en la AFC, COMPIN, instituciones\nasistenciales (hospitales) y otros servicios que se encuentran operativos, el\ngobierno no ha garantizado el distanciamiento social necesario en los servicios\np\u00fablicos que pretende \u201cnormalizar\u201d.<\/p>\n\n\n\n<p>Por eso insistimos en que llamar\na retomar la \u201cnormalidad\u201d en contexto de pandemia, <strong>pero sobre todo llamar a los funcionarios a hacer caso omiso a la\ncuarentena total y obligatoria vigente hasta el 23 de abril en la comuna de\nPunta Arenas, es una irresponsabilidad criminal.<\/strong><\/p>\n\n\n\n<p>Hacemos un llamado a nuestras\nAsociaciones afiliadas, dirigentes\/as y a los\/as trabajadores\/as cumpliendo el\nrol que le debemos al pueblo de Chile. Y a fortalecer la unidad de nuestras\norganizaciones para sostener la Funci\u00f3n P\u00fablica, para defender los derechos\nciudadanos y cuidar la salud y la integridad de todas y todos. <strong>Pero al mismo tiempo, a resistir las\npresiones y rechazar la pretensi\u00f3n de usar a los servicios p\u00fablicos como excusa\npara avanzar en una falsa \u201cnormalizaci\u00f3n\u201d que s\u00f3lo puede implicar profundizar\nel riesgo de extensi\u00f3n del contagio, y transformarse en un sombr\u00edo trueque\nentre vidas y econom\u00eda, entre priorizar la salud o el empleo.<\/strong><\/p>\n","protected":false},"excerpt":{"rendered":"<p>La Agrupaci\u00f3n Nacional de Empleados Fiscales de Magallanes, ve con preocupaci\u00f3n que a los directores de servicios como el Registro Civil, FONASA y JUNJI, se comiencen a sumar las restantes&#8230; <a class=\"read-more\" href=\"https:\/\/www.radiopresidenteibanez.cl\/web\/directorio-de-anef-magallanes-califica-como-una-irresponsabilidad-criminal-el-llamado-de-las-autoridades-de-servicios-a-retomar-labores-presenciales\/\">Leer m\u00e1s<\/a><\/p>\n","protected":false},"author":2,"featured_media":7500,"comment_status":"closed","ping_status":"closed","sticky":false,"template":"","format":"standard","meta":{"footnotes":""},"categories":[1],"tags":[],"class_list":["post-11181","post","type-post","status-publish","format-standard","has-post-thumbnail","hentry","category-cronica"],"_links":{"self":[{"href":"https:\/\/www.radiopresidenteibanez.cl\/web\/wp-json\/wp\/v2\/posts\/11181","targetHints":{"allow":["GET"]}}],"collection":[{"href":"https:\/\/www.radiopresidenteibanez.cl\/web\/wp-json\/wp\/v2\/posts"}],"about":[{"href":"https:\/\/www.radiopresidenteibanez.cl\/web\/wp-json\/wp\/v2\/types\/post"}],"author":[{"embeddable":true,"href":"https:\/\/www.radiopresidenteibanez.cl\/web\/wp-json\/wp\/v2\/users\/2"}],"replies":[{"embeddable":true,"href":"https:\/\/www.radiopresidenteibanez.cl\/web\/wp-json\/wp\/v2\/comments?post=11181"}],"version-history":[{"count":0,"href":"https:\/\/www.radiopresidenteibanez.cl\/web\/wp-json\/wp\/v2\/posts\/11181\/revisions"}],"wp:featuredmedia":[{"embeddable":true,"href":"https:\/\/www.radiopresidenteibanez.cl\/web\/wp-json\/wp\/v2\/media\/7500"}],"wp:attachment":[{"href":"https:\/\/www.radiopresidenteibanez.cl\/web\/wp-json\/wp\/v2\/media?parent=11181"}],"wp:term":[{"taxonomy":"category","embeddable":true,"href":"https:\/\/www.radiopresidenteibanez.cl\/web\/wp-json\/wp\/v2\/categories?post=11181"},{"taxonomy":"post_tag","embeddable":true,"href":"https:\/\/www.radiopresidenteibanez.cl\/web\/wp-json\/wp\/v2\/tags?post=11181"}],"curies":[{"name":"wp","href":"https:\/\/api.w.org\/{rel}","templated":true}]}}