{"id":11174,"date":"2020-04-19T17:44:12","date_gmt":"2020-04-19T17:44:12","guid":{"rendered":"https:\/\/www.radiopresidenteibanez.cl\/web\/?p=11174"},"modified":"2020-04-19T17:44:16","modified_gmt":"2020-04-19T17:44:16","slug":"junji-magallanes-lamenta-fallecimiento-de-destacada-funcionaria-del-jardin-infantil-villa-austral-elizabeth-valverde-chiguay-q-e-p-d","status":"publish","type":"post","link":"https:\/\/www.radiopresidenteibanez.cl\/web\/junji-magallanes-lamenta-fallecimiento-de-destacada-funcionaria-del-jardin-infantil-villa-austral-elizabeth-valverde-chiguay-q-e-p-d\/","title":{"rendered":"JUNJI MAGALLANES LAMENTA FALLECIMIENTO DE DESTACADA FUNCIONARIA DEL JARD\u00cdN INFANTIL \u201cVILLA AUSTRAL\u201d: ELIZABETH VALVERDE CHIGUAY (Q.E.P.D.)"},"content":{"rendered":"\n<p>La ma\u00f1ana de este s\u00e1bado 18 de abril de 2020 muri\u00f3, tras luchar contra una penosa enfermedad, un c\u00e1ncer que la afect\u00f3 durante los \u00faltimos meses, la auxiliar de servicios del establecimiento \u201cVilla Austral\u201d de Punta Arenas, Elizabeth Del Carmen Valverde Chiguay (Q.E.P.D.), quien se desempe\u00f1\u00f3 desde el 5 de agosto de 2016 en la Junta Nacional de Jardines Infantiles (JUNJI) en la Regi\u00f3n de Magallanes y de la Ant\u00e1rtica Chilena.&nbsp;&nbsp;<\/p>\n\n\n\n<p>La \u201cEli\u201d, como la llamaban sus compa\u00f1eras y compa\u00f1eros de labores, ten\u00eda 60 a\u00f1os de edad. Naci\u00f3 el 17 de junio de 1959. Sus funerales tuvieron lugar la misma tarde del s\u00e1bado 18 en el Cementerio Municipal \u201cSara Braun\u201d, donde fue despedida por su familia y seres queridos. Le sobreviven su esposo, dos hijos, nietas y nietos.<\/p>\n\n\n\n<p>Sus colegas la calificaron como una mujer de car\u00e1cter firme, luchadora, preocupada por los dem\u00e1s, dispuesta a ayudar a todos quienes lo necesitaran. Hubo m\u00faltiples palabras de cari\u00f1o y homenajes a trav\u00e9s de las redes sociales Facebook e Instagram una vez conocida la triste noticia de su muerte.&nbsp;&nbsp;<\/p>\n\n\n\n<p>La directora del establecimiento \u201cVilla Austral\u201d, Sterlina Fuentealba Illesca, lament\u00f3 tener que despedir a Elizabeth desde los hogares de cada cual, en vista de la cuarentena total que hay sobre Punta Arenas por los cuidados ante la pandemia del Coronavirus. \u201cCon una velita encendida la acompa\u00f1amos en el momento en que su familia la est\u00e1 sepultando. Parte una de las personas m\u00e1s sonrientes y afectivas de nuestro jard\u00edn infantil, que el Se\u00f1or la reciba con sus brazos de Padre amoroso\u201d, dijo la educadora.<\/p>\n\n\n\n<p>Sterlina Fuentealba agreg\u00f3 que Elizabeth trabajaba en el programa de extensi\u00f3n horaria y siempre se caracteriz\u00f3 por su alto sentido de responsabilidad con sus tareas, su destacada permanencia, su participaci\u00f3n en todas las actividades que se programaban para las ni\u00f1as, los ni\u00f1os y sus familias, estando presente en todas las plazas ciudadanas y la pasada Expo JUNJI, que se hizo en la Zona Franca de Punta Arenas en agosto de 2019.<\/p>\n\n\n\n<p>La directora regional de la JUNJI, Marisol Villegas N\u00fa\u00f1ez, calific\u00f3 a Elizabeth Valverde como \u201ccordial, una excelente funcionaria, s\u00faper cumplidora, siempre presente en todo y a quien le gustaba mucho su trabajo, que hac\u00eda con una c\u00e1lida sonrisa. Nos deja un dolor profundo previo a la semana en que celebrar\u00edamos los 50 a\u00f1os de nuestro servicio. Si bien estamos previniendo el contagio del Coronavirus y, por ello, de todas formas tendr\u00edamos una conmemoraci\u00f3n muy contenida y virtual, ahora ser\u00e1 adem\u00e1s con un sentimiento de cari\u00f1o y respeto por la partida irreparable de Elizabeth. Nuestros sentimientos est\u00e1n con sus seres queridos y con la esforzada comunidad educativa del Jard\u00edn \u2018Villa Austral\u2019\u201d, concluy\u00f3 la autoridad regional.<\/p>\n","protected":false},"excerpt":{"rendered":"<p>La ma\u00f1ana de este s\u00e1bado 18 de abril de 2020 muri\u00f3, tras luchar contra una penosa enfermedad, un c\u00e1ncer que la afect\u00f3 durante los \u00faltimos meses, la auxiliar de servicios&#8230; <a class=\"read-more\" href=\"https:\/\/www.radiopresidenteibanez.cl\/web\/junji-magallanes-lamenta-fallecimiento-de-destacada-funcionaria-del-jardin-infantil-villa-austral-elizabeth-valverde-chiguay-q-e-p-d\/\">Leer m\u00e1s<\/a><\/p>\n","protected":false},"author":2,"featured_media":11176,"comment_status":"closed","ping_status":"closed","sticky":false,"template":"","format":"standard","meta":{"footnotes":""},"categories":[1],"tags":[],"class_list":["post-11174","post","type-post","status-publish","format-standard","has-post-thumbnail","hentry","category-cronica"],"_links":{"self":[{"href":"https:\/\/www.radiopresidenteibanez.cl\/web\/wp-json\/wp\/v2\/posts\/11174","targetHints":{"allow":["GET"]}}],"collection":[{"href":"https:\/\/www.radiopresidenteibanez.cl\/web\/wp-json\/wp\/v2\/posts"}],"about":[{"href":"https:\/\/www.radiopresidenteibanez.cl\/web\/wp-json\/wp\/v2\/types\/post"}],"author":[{"embeddable":true,"href":"https:\/\/www.radiopresidenteibanez.cl\/web\/wp-json\/wp\/v2\/users\/2"}],"replies":[{"embeddable":true,"href":"https:\/\/www.radiopresidenteibanez.cl\/web\/wp-json\/wp\/v2\/comments?post=11174"}],"version-history":[{"count":0,"href":"https:\/\/www.radiopresidenteibanez.cl\/web\/wp-json\/wp\/v2\/posts\/11174\/revisions"}],"wp:featuredmedia":[{"embeddable":true,"href":"https:\/\/www.radiopresidenteibanez.cl\/web\/wp-json\/wp\/v2\/media\/11176"}],"wp:attachment":[{"href":"https:\/\/www.radiopresidenteibanez.cl\/web\/wp-json\/wp\/v2\/media?parent=11174"}],"wp:term":[{"taxonomy":"category","embeddable":true,"href":"https:\/\/www.radiopresidenteibanez.cl\/web\/wp-json\/wp\/v2\/categories?post=11174"},{"taxonomy":"post_tag","embeddable":true,"href":"https:\/\/www.radiopresidenteibanez.cl\/web\/wp-json\/wp\/v2\/tags?post=11174"}],"curies":[{"name":"wp","href":"https:\/\/api.w.org\/{rel}","templated":true}]}}