{"id":11171,"date":"2020-04-19T17:35:45","date_gmt":"2020-04-19T17:35:45","guid":{"rendered":"https:\/\/www.radiopresidenteibanez.cl\/web\/?p=11171"},"modified":"2020-04-19T17:35:50","modified_gmt":"2020-04-19T17:35:50","slug":"ante-falsos-mensajes-difundidos-en-redes-sociales-aguas-magallanes-desmintio-suspension-de-suministro-de-agua-potable-y-presencia-de-roedores","status":"publish","type":"post","link":"https:\/\/www.radiopresidenteibanez.cl\/web\/ante-falsos-mensajes-difundidos-en-redes-sociales-aguas-magallanes-desmintio-suspension-de-suministro-de-agua-potable-y-presencia-de-roedores\/","title":{"rendered":"ANTE FALSOS MENSAJES DIFUNDIDOS EN REDES SOCIALES: AGUAS MAGALLANES DESMINTI\u00d3 SUSPENSI\u00d3N DE SUMINISTRO DE AGUA POTABLE Y PRESENCIA DE ROEDORES"},"content":{"rendered":"\n<p>Aguas Magallanes desminti\u00f3 la circulaci\u00f3n de falsos mensajes en redes sociales, uno de ellos en relaci\u00f3n a la supuesta presencia de roedores en una de sus instalaciones. Lo anterior, declar\u00f3 la empresa, es absolutamente falso y llam\u00f3 a la responsabilidad respecto de este tipo de actos que s\u00f3lo buscan generar caos en la ciudadan\u00eda. \u201cLa Superintendencia de Servicios Sanitarios fiscaliz\u00f3 las condiciones de nuestras instalaciones, corroborando en terreno que la planta de agua potable est\u00e1 funcionando de forma normal y dentro de lo que indica la normativa\u201d, declar\u00f3 el Gerente Regional de Aguas Magallanes Christian Adema Galetovic.<\/p>\n\n\n\n<p>El ejecutivo asegur\u00f3 que el suministro de agua potable no est\u00e1 en riesgo para la comuna de Punta Arenas y que todas las operaciones se encuentran operando bajo estrictas normas sanitarias, supervisadas peri\u00f3dicamente por la autoridad y en total y absoluta normalidad.<\/p>\n\n\n\n<p>El gerente regional llam\u00f3 a la tranquilidad de los vecinos se\u00f1alando que, \u201cla entrega de agua en la Planta Tres Puentes y en la Planta de Av. Salvador Allende, no ser\u00e1 suspendida. Incluso estamos trabajando para mejorar el servicio de suministro de&nbsp;agua con dos puntos exclusivos para veh\u00edculos particulares y otro s\u00f3lo para camiones, en la Planta de Tres Puentes\u201d, puntualiz\u00f3.<\/p>\n","protected":false},"excerpt":{"rendered":"<p>Aguas Magallanes desminti\u00f3 la circulaci\u00f3n de falsos mensajes en redes sociales, uno de ellos en relaci\u00f3n a la supuesta presencia de roedores en una de sus instalaciones. Lo anterior, declar\u00f3&#8230; <a class=\"read-more\" href=\"https:\/\/www.radiopresidenteibanez.cl\/web\/ante-falsos-mensajes-difundidos-en-redes-sociales-aguas-magallanes-desmintio-suspension-de-suministro-de-agua-potable-y-presencia-de-roedores\/\">Leer m\u00e1s<\/a><\/p>\n","protected":false},"author":2,"featured_media":11172,"comment_status":"closed","ping_status":"closed","sticky":false,"template":"","format":"standard","meta":{"footnotes":""},"categories":[1],"tags":[],"class_list":["post-11171","post","type-post","status-publish","format-standard","has-post-thumbnail","hentry","category-cronica"],"_links":{"self":[{"href":"https:\/\/www.radiopresidenteibanez.cl\/web\/wp-json\/wp\/v2\/posts\/11171","targetHints":{"allow":["GET"]}}],"collection":[{"href":"https:\/\/www.radiopresidenteibanez.cl\/web\/wp-json\/wp\/v2\/posts"}],"about":[{"href":"https:\/\/www.radiopresidenteibanez.cl\/web\/wp-json\/wp\/v2\/types\/post"}],"author":[{"embeddable":true,"href":"https:\/\/www.radiopresidenteibanez.cl\/web\/wp-json\/wp\/v2\/users\/2"}],"replies":[{"embeddable":true,"href":"https:\/\/www.radiopresidenteibanez.cl\/web\/wp-json\/wp\/v2\/comments?post=11171"}],"version-history":[{"count":0,"href":"https:\/\/www.radiopresidenteibanez.cl\/web\/wp-json\/wp\/v2\/posts\/11171\/revisions"}],"wp:featuredmedia":[{"embeddable":true,"href":"https:\/\/www.radiopresidenteibanez.cl\/web\/wp-json\/wp\/v2\/media\/11172"}],"wp:attachment":[{"href":"https:\/\/www.radiopresidenteibanez.cl\/web\/wp-json\/wp\/v2\/media?parent=11171"}],"wp:term":[{"taxonomy":"category","embeddable":true,"href":"https:\/\/www.radiopresidenteibanez.cl\/web\/wp-json\/wp\/v2\/categories?post=11171"},{"taxonomy":"post_tag","embeddable":true,"href":"https:\/\/www.radiopresidenteibanez.cl\/web\/wp-json\/wp\/v2\/tags?post=11171"}],"curies":[{"name":"wp","href":"https:\/\/api.w.org\/{rel}","templated":true}]}}