{"id":11166,"date":"2020-04-19T17:13:55","date_gmt":"2020-04-19T17:13:55","guid":{"rendered":"https:\/\/www.radiopresidenteibanez.cl\/web\/?p=11166"},"modified":"2020-04-19T17:14:00","modified_gmt":"2020-04-19T17:14:00","slug":"autoridades-regionales-destacan-trabajo-de-enap-para-mantener-abastecimiento-de-gas-en-emergencia-sanitaria","status":"publish","type":"post","link":"https:\/\/www.radiopresidenteibanez.cl\/web\/autoridades-regionales-destacan-trabajo-de-enap-para-mantener-abastecimiento-de-gas-en-emergencia-sanitaria\/","title":{"rendered":"AUTORIDADES REGIONALES DESTACAN TRABAJO DE ENAP PARA MANTENER ABASTECIMIENTO DE GAS EN EMERGENCIA SANITARIA"},"content":{"rendered":"\n<p>Con el desaf\u00edo de informar y generar las coordinaciones que sean\nnecesarias para mantener las operaciones, el gerente de ENAP Magallanes sostuvo\ndiversas reuniones con autoridades de la regi\u00f3n, con quienes convers\u00f3 respecto\nde las medidas que se han implementado para enfrentar la emergencia por\nCovid-19 y proteger la salud de los trabajadores. \u201cSiendo ENAP una empresa\nestrat\u00e9gica para Magallanes, porque es la que mueve a muchos sectores\nproductivos y a la comunidad, es importante mantener un contacto permanente con\nlas autoridades. Hasta el momento, hemos ido gestionando todo lo necesario para\nresguardar a nuestros trabajadores, que es lo que m\u00e1s nos preocupa; y por\ncierto, las operaciones. Por eso hay que estar coordinados y comunicados para\nir resolviendo las dificultades que se puedan presentar\u201d, expres\u00f3 el gerente <strong>Rodrigo\nBustamante<\/strong>, gerente de ENAP Magallanes.<\/p>\n\n\n\n<p>En reuni\u00f3n con el Intendente de Magallanes<strong>, Jos\u00e9 Fern\u00e1ndez<\/strong>, la\nprimera autoridad regional destac\u00f3 las medidas implementadas por ENAP para\nproteger a sus trabajadores, considerando el complejo escenario que enfrenta la\nregi\u00f3n respecto de cantidad de contagios. \u201cHay una gran preocupaci\u00f3n por la\ncantidad de personas que a\u00fan circulan, porque eso genera un riesgo de contagio\npara sus trabajadores. Si quieren que sigan funcionando, que tengamos gas, que\nENAP y su gente puedan salir a terreno a darnos este servicio, por favor les\npido qu\u00e9dense en sus casas. Si enfermamos a sus trabajadores, se pueden\nproducir cortes en el suministro y se viene el invierno por delante\u201d, enfatiz\u00f3\nel Intendente.&nbsp; <\/p>\n\n\n\n<p>A este llamado se sum\u00f3 la Diputada <strong>Sandra Amar,<\/strong> quien tambi\u00e9n se\nreuni\u00f3 virtualmente con el gerente de ENAP Magallanes y los presidentes de los\nSindicatos de Trabajadores y Profesionales, Alejandro Avenda\u00f1o y Guido\nKusanovic, respectivamente. \u201cGracias al compromiso de ENAP y de sus\ntrabajadores, se ha podido asegurar el abastecimiento de gas, que es el\nprincipal elemento para el funcionamiento de la regi\u00f3n, por eso hago el llamado\na tomar conciencia. La empresa ha tomado medidas, pero es tarea de todos los\nhabitantes de Magallanes contribuir responsablemente, acatando las medidas\nsanitarias para frenar la propagaci\u00f3n y disminuir los contagios\u201d. <\/p>\n\n\n\n<p>Las otras reuniones fueron con la <strong>Senadora Carolina Goic<\/strong> y el <strong>Diputado\nGabriel Boric<\/strong>, quienes valoraron el trabajo colaborativo de la empresa y\nsus dirigentes.&nbsp; \u201cFue una muy buena\nreuni\u00f3n. Hay que destacar lo que han hecho, primero la implementaci\u00f3n del\nteletrabajo, eso facilita que una empresa tan relevante pueda seguir\nfuncionando, y las medidas de prevenci\u00f3n en terreno, porque lo principal es la\nsalud de los trabajadores. Me han dicho que est\u00e1n las condiciones para mantener\nla operaci\u00f3n y garantizar el abastecimiento, porque ENAP tiene que tener todas\nlas condiciones para ello, es una prioridad y en eso destaco el trabajo\ncolaborativo\u201d, expres\u00f3 la Senadora Goic. <\/p>\n\n\n\n<p>\u201cValoro mucho el trabajo que est\u00e1 haciendo la empresa para abastecer de\nenerg\u00eda a nuestra regi\u00f3n. Sabemos que son circunstancias dif\u00edciles y me consta\nque han tomado los resguardos necesarios para hacer frente a esta crisis, pese\nal escenario adverso tanto en materia sanitaria como econ\u00f3mica, porque la\ncrisis tambi\u00e9n trae un descenso en el valor del crudo a nivel mundial y ENAP\nsigue sacando la cara por los magall\u00e1nicos. Y valoro adem\u00e1s que hayan estado el\ngerente y los dirigentes sindicales, todos juntos trabajando por una misma\ncausa\u201d, manifest\u00f3 el Diputado.<\/p>\n\n\n\n<p>La empresa tambi\u00e9n ha tomado contacto con el Senador Carlos Bianchi y el\ndiputado Karim Bianchi, y esperamos pr\u00f3ximamente reunirnos con ellos. &nbsp;<\/p>\n","protected":false},"excerpt":{"rendered":"<p>Con el desaf\u00edo de informar y generar las coordinaciones que sean necesarias para mantener las operaciones, el gerente de ENAP Magallanes sostuvo diversas reuniones con autoridades de la regi\u00f3n, con&#8230; <a class=\"read-more\" href=\"https:\/\/www.radiopresidenteibanez.cl\/web\/autoridades-regionales-destacan-trabajo-de-enap-para-mantener-abastecimiento-de-gas-en-emergencia-sanitaria\/\">Leer m\u00e1s<\/a><\/p>\n","protected":false},"author":2,"featured_media":2789,"comment_status":"closed","ping_status":"closed","sticky":false,"template":"","format":"standard","meta":{"footnotes":""},"categories":[1],"tags":[],"class_list":["post-11166","post","type-post","status-publish","format-standard","has-post-thumbnail","hentry","category-cronica"],"_links":{"self":[{"href":"https:\/\/www.radiopresidenteibanez.cl\/web\/wp-json\/wp\/v2\/posts\/11166","targetHints":{"allow":["GET"]}}],"collection":[{"href":"https:\/\/www.radiopresidenteibanez.cl\/web\/wp-json\/wp\/v2\/posts"}],"about":[{"href":"https:\/\/www.radiopresidenteibanez.cl\/web\/wp-json\/wp\/v2\/types\/post"}],"author":[{"embeddable":true,"href":"https:\/\/www.radiopresidenteibanez.cl\/web\/wp-json\/wp\/v2\/users\/2"}],"replies":[{"embeddable":true,"href":"https:\/\/www.radiopresidenteibanez.cl\/web\/wp-json\/wp\/v2\/comments?post=11166"}],"version-history":[{"count":0,"href":"https:\/\/www.radiopresidenteibanez.cl\/web\/wp-json\/wp\/v2\/posts\/11166\/revisions"}],"wp:featuredmedia":[{"embeddable":true,"href":"https:\/\/www.radiopresidenteibanez.cl\/web\/wp-json\/wp\/v2\/media\/2789"}],"wp:attachment":[{"href":"https:\/\/www.radiopresidenteibanez.cl\/web\/wp-json\/wp\/v2\/media?parent=11166"}],"wp:term":[{"taxonomy":"category","embeddable":true,"href":"https:\/\/www.radiopresidenteibanez.cl\/web\/wp-json\/wp\/v2\/categories?post=11166"},{"taxonomy":"post_tag","embeddable":true,"href":"https:\/\/www.radiopresidenteibanez.cl\/web\/wp-json\/wp\/v2\/tags?post=11166"}],"curies":[{"name":"wp","href":"https:\/\/api.w.org\/{rel}","templated":true}]}}