{"id":11162,"date":"2020-04-19T17:10:48","date_gmt":"2020-04-19T17:10:48","guid":{"rendered":"https:\/\/www.radiopresidenteibanez.cl\/web\/?p=11162"},"modified":"2020-04-19T17:10:52","modified_gmt":"2020-04-19T17:10:52","slug":"por-tiempo-indefinido-se-debera-usar-mascarillas-en-lugares-con-mas-de-10-personas-y-en-espacios-cerrados-como-ascensores","status":"publish","type":"post","link":"https:\/\/www.radiopresidenteibanez.cl\/web\/por-tiempo-indefinido-se-debera-usar-mascarillas-en-lugares-con-mas-de-10-personas-y-en-espacios-cerrados-como-ascensores\/","title":{"rendered":"POR TIEMPO INDEFINIDO, SE DEBER\u00c1 USAR MASCARILLAS EN LUGARES CON M\u00c1S DE 10 PERSONAS Y EN ESPACIOS CERRADOS COMO ASCENSORES"},"content":{"rendered":"\n<p>Entr\u00f3 en vigencia el decreto que establece como\nobligatorio en el pa\u00eds el uso de mascarilla en todos lugares p\u00fablicos cerrados\nque agrupen a m\u00e1s de 10 personas y en ascensores. <\/p>\n\n\n\n<p>La Subsecretaria de\nSalud P\u00fablica, Paula Daza, manifest\u00f3 que \u201cestamos en una etapa de circulaci\u00f3n\ndel virus y el uso de la mascarilla tiene connotaci\u00f3n de protecci\u00f3n, pues\ndisminuye la propagaci\u00f3n del virus de personas contagiadas hacia otras\u201d.<\/p>\n\n\n\n<p>Esta\nmedida ya se encontraba vigente desde el 8 de abril para el transporte p\u00fablico\no privado remunerado y ahora fue ampliada en una medida que tiene\ncar\u00e1cter indefinido hasta que las condiciones epidemiol\u00f3gicas a nivel nacional\npermitan su suspensi\u00f3n. <\/p>\n\n\n\n<p>De acuerdo, a lo se\u00f1alado\npor las autoridades del Minsal, cada persona debe provisionarse con las\nmascarillas de uso personal, para este fin el Ministerio ha publicado\ntutoriales para elaborarlas en casa. (www.minsal.cl)<\/p>\n\n\n\n<p>La SEREMI de Salud, Mariela\nRojas, explic\u00f3 que esta medida considera a todo tipo de establecimientos educacionales,\ncuando se determine inicio de clases; aeropuertos y terrapuertos; teatros,\ncines, discotecas, casinos de juego y recintos similares; supermercados,\ncentros comerciales, hoteles, farmacias y otros lugares similares de libre\nacceso al p\u00fablico; establecimientos de salud, p\u00fablicos y privados; aquellos\nlugares en que se fabriquen, procesen, depositen o manipulen productos,\nmedicamentos o alimentos; lugares de trabajo; pubs, restoranes, cafeter\u00edas y\nlugares similares,&nbsp; cuando se reabran, en\nsus espacios p\u00fablicos o cerrados, para quienes atiendan o trabajen en ellos; residencias\nde adultos mayores.<\/p>\n\n\n\n<p>La SEREMI se\u00f1al\u00f3 que las\nautoridades sanitarias tendr\u00e1n el rol de fiscalizar el uso de las mascarillas.\nNo obstante, se pedir\u00e1, en el marco de la Alerta Sanitaria, el apoyo y\ncolaboraci\u00f3n para fiscalizar a las Fuerzas Armadas y de Orden.<\/p>\n\n\n\n<p>Agreg\u00f3 que el incumplimiento\nde esta medida est\u00e1 sancionado dentro del C\u00f3digo Sanitario por exponer en un\nposible riesgo la salud p\u00fablica de los chilenos, no obstante, el fin no es\ncastigar a la ciudadan\u00eda por incumplimiento, sino m\u00e1s bien, se trata de que las\npersonas tomen conciencia sobre el uso de mascarilla para disminuir los riesgos\nde contagio y propagaci\u00f3n del COVID-19, por sobre todo en esta fase&nbsp; en que en la regi\u00f3n ya se encuentra en una\nfase de contagio comunitario<\/p>\n\n\n\n<p>Como \u00faltimo punto, la SEREMI\nse\u00f1al\u00f3 que se deben mantener las otras medidas sanitarias como el lavado de\nmanos o el distanciamiento de por lo menos a un metro con otras personas. El\nuso de mascarilla no reemplaza las otras acciones preventivas.<\/p>\n\n\n\n<p><strong>Uso\ncorrecto de la mascarilla<\/strong>&nbsp; <\/p>\n\n\n\n<p>Primero, se debe verificar\nque est\u00e9 limpia e \u00edntegra, sin perforaciones o roturas. Colocar siempre\ncubriendo nariz y boca, luego asegurar que quede c\u00f3moda. Si se baja porque\nqueda grande, intentar amarrar los el\u00e1sticos para que quede fija. <\/p>\n\n\n\n<p>Una vez ubicada, no tocarla,\nno manipularla ni tocarse la cara. <\/p>\n\n\n\n<p>Luego, de haber usado la\nmascarilla y que esta se sienta h\u00fameda o la persona sienta dificultad para\nrespirar, debe retirarla.<\/p>\n\n\n\n<p>Para el Retiro de la\nmascarilla, hay que seguir los siguientes pasos: antes de retirar, lavar muy\nbien las manos al menos 40 segundos con agua y jab\u00f3n, una vez limpias, se\nretira la mascarilla, nunca tocando la parte que da hacia adelante, es decir se\nretira desde las tiras que la sujetan. <\/p>\n\n\n\n<p>Las mascarillas de g\u00e9nero deben ser lavadas diariamente y luego de secarlas, deben ser planchadas.<\/p>\n\n\n\n<figure class=\"wp-block-gallery columns-1 is-cropped wp-block-gallery-1 is-layout-flex wp-block-gallery-is-layout-flex\"><ul class=\"blocks-gallery-grid\"><li class=\"blocks-gallery-item\"><figure><img loading=\"lazy\" decoding=\"async\" width=\"1024\" height=\"1025\" src=\"https:\/\/www.radiopresidenteibanez.cl\/web\/wp-content\/uploads\/2020\/04\/WhatsApp-Image-2020-04-17-at-13.30.02.jpeg\" alt=\"\" data-id=\"11164\" data-full-url=\"https:\/\/www.radiopresidenteibanez.cl\/web\/wp-content\/uploads\/2020\/04\/WhatsApp-Image-2020-04-17-at-13.30.02.jpeg\" data-link=\"https:\/\/www.radiopresidenteibanez.cl\/web\/?attachment_id=11164\" class=\"wp-image-11164\" srcset=\"https:\/\/www.radiopresidenteibanez.cl\/web\/wp-content\/uploads\/2020\/04\/WhatsApp-Image-2020-04-17-at-13.30.02.jpeg 1024w, https:\/\/www.radiopresidenteibanez.cl\/web\/wp-content\/uploads\/2020\/04\/WhatsApp-Image-2020-04-17-at-13.30.02-300x300.jpeg 300w, https:\/\/www.radiopresidenteibanez.cl\/web\/wp-content\/uploads\/2020\/04\/WhatsApp-Image-2020-04-17-at-13.30.02-150x150.jpeg 150w, https:\/\/www.radiopresidenteibanez.cl\/web\/wp-content\/uploads\/2020\/04\/WhatsApp-Image-2020-04-17-at-13.30.02-768x769.jpeg 768w\" sizes=\"auto, (max-width: 1024px) 100vw, 1024px\" \/><\/figure><\/li><\/ul><\/figure>\n","protected":false},"excerpt":{"rendered":"<p>Entr\u00f3 en vigencia el decreto que establece como obligatorio en el pa\u00eds el uso de mascarilla en todos lugares p\u00fablicos cerrados que agrupen a m\u00e1s de 10 personas y en&#8230; <a class=\"read-more\" href=\"https:\/\/www.radiopresidenteibanez.cl\/web\/por-tiempo-indefinido-se-debera-usar-mascarillas-en-lugares-con-mas-de-10-personas-y-en-espacios-cerrados-como-ascensores\/\">Leer m\u00e1s<\/a><\/p>\n","protected":false},"author":2,"featured_media":11163,"comment_status":"closed","ping_status":"closed","sticky":false,"template":"","format":"standard","meta":{"footnotes":""},"categories":[1],"tags":[],"class_list":["post-11162","post","type-post","status-publish","format-standard","has-post-thumbnail","hentry","category-cronica"],"_links":{"self":[{"href":"https:\/\/www.radiopresidenteibanez.cl\/web\/wp-json\/wp\/v2\/posts\/11162","targetHints":{"allow":["GET"]}}],"collection":[{"href":"https:\/\/www.radiopresidenteibanez.cl\/web\/wp-json\/wp\/v2\/posts"}],"about":[{"href":"https:\/\/www.radiopresidenteibanez.cl\/web\/wp-json\/wp\/v2\/types\/post"}],"author":[{"embeddable":true,"href":"https:\/\/www.radiopresidenteibanez.cl\/web\/wp-json\/wp\/v2\/users\/2"}],"replies":[{"embeddable":true,"href":"https:\/\/www.radiopresidenteibanez.cl\/web\/wp-json\/wp\/v2\/comments?post=11162"}],"version-history":[{"count":0,"href":"https:\/\/www.radiopresidenteibanez.cl\/web\/wp-json\/wp\/v2\/posts\/11162\/revisions"}],"wp:featuredmedia":[{"embeddable":true,"href":"https:\/\/www.radiopresidenteibanez.cl\/web\/wp-json\/wp\/v2\/media\/11163"}],"wp:attachment":[{"href":"https:\/\/www.radiopresidenteibanez.cl\/web\/wp-json\/wp\/v2\/media?parent=11162"}],"wp:term":[{"taxonomy":"category","embeddable":true,"href":"https:\/\/www.radiopresidenteibanez.cl\/web\/wp-json\/wp\/v2\/categories?post=11162"},{"taxonomy":"post_tag","embeddable":true,"href":"https:\/\/www.radiopresidenteibanez.cl\/web\/wp-json\/wp\/v2\/tags?post=11162"}],"curies":[{"name":"wp","href":"https:\/\/api.w.org\/{rel}","templated":true}]}}