{"id":11160,"date":"2020-04-19T17:07:20","date_gmt":"2020-04-19T17:07:20","guid":{"rendered":"https:\/\/www.radiopresidenteibanez.cl\/web\/?p=11160"},"modified":"2020-04-19T17:07:24","modified_gmt":"2020-04-19T17:07:24","slug":"asociacion-de-funcionarios-de-sernameg-magallanes-se-refiere-al-congelamiento-del-programa-de-4-a-7","status":"publish","type":"post","link":"https:\/\/www.radiopresidenteibanez.cl\/web\/asociacion-de-funcionarios-de-sernameg-magallanes-se-refiere-al-congelamiento-del-programa-de-4-a-7\/","title":{"rendered":"ASOCIACI\u00d3N DE FUNCIONARIOS DE SERNAMEG MAGALLANES SE REFIERE AL CONGELAMIENTO  DEL PROGRAMA \u201cDE 4 A 7\u201d"},"content":{"rendered":"\n<p>Como Asociaci\u00f3n Regional de Funcionarios de SernamEG rechazamos rotundamente los recortes que hoy est\u00e1 solicitando el Gobierno al Servicio Nacional de la Mujer y la Equidad de G\u00e9nero ante la actual emergencia sanitaria, los cuales en nuestra repartici\u00f3n se ha traducido en el ensa\u00f1amiento con los trabajadores que hacen carne la pol\u00edtica p\u00fablica en los territorios y que contradictoriamente son quienes se encuentran en una situaci\u00f3n de mayor precariedad dentro del Estado: los que se desempe\u00f1an a honorarios, y que a nivel nacional precipitar\u00e1 la desvinculaci\u00f3n de casi 900 personas en 178 comunas del pa\u00eds, quienes adem\u00e1s por su situaci\u00f3n contractual, no tendr\u00e1n acceso a ninguna ayuda que hasta el momento se han anunciado para enfrentar la crisis econ\u00f3mica ocasionada por el Coronavirus.<\/p>\n\n\n\n<p>Tal como hace unos d\u00edas denunci\u00f3 nuestra Asociaci\u00f3n Nacional, -ANFUSEM- lamentamos informar que en Magallanes la decisi\u00f3n unilateral de la Directora Nacional de SernamEG, Carolina Plaza Guzm\u00e1n, de congelar el&nbsp;<strong>Programa 4 a 7 Mujer Trabaja Tranquila<\/strong>, afectar\u00e1 directamente la ejecuci\u00f3n del programa en cuatro escuelas de la regi\u00f3n; la relaci\u00f3n laboral de tres madres trabajadoras en Puerto Natales &#8211; dos de ellas jefas de hogar-, y cinco trabajadores en Punta Arenas &#8211; cuatro jefas y jefes de hogar-, quienes se desempe\u00f1aban bajo un contrato a honorarios; perjudicando con esto a 200 ni\u00f1as y ni\u00f1os y 150 mujeres jefas de hogar en ambas comunas.<\/p>\n\n\n\n<p>El argumento sostenido por la autoridad es que los ni\u00f1os y ni\u00f1as est\u00e1n sin clases, sin embargo, si nos remitimos a los componentes del programa, estos implican no solo tareas de cuidado infantil integral y aporte afectivo e instructivo-pedag\u00f3gico, sino tambi\u00e9n, apoyos transversales para la autonom\u00eda econ\u00f3mica de las mujeres participantes, lo que se ha convertido estos d\u00edas en: contenci\u00f3n emocional, preparaci\u00f3n de material did\u00e1ctico a distancia, levantamiento de informaci\u00f3n social para eventual derivaci\u00f3n a servicios sociales, y apoyo a otras tareas asociadas a la pandemia dentro de las municipalidades donde se desempe\u00f1an.<\/p>\n\n\n\n<p>Desde Magallanes hacemos un urgente llamado a la Directora Nacional Carolina Plaza Guzm\u00e1n, a que la decisi\u00f3n sobre estos recortes presupuestarios -que entendemos son ineludibles-, sea participativa y consultada con quienes somos los directos responsables de su ejecuci\u00f3n, y fundamentalmente, que se hagan intentando producir el menor da\u00f1o posible, y esto es claramente no afectando a quienes ya cuentan con contratos vigentes, en estos terribles tiempos de incertidumbre.&nbsp;Atendida la urgencia e importancia de estas decisiones, lo justo es analizar en forma consciente el presupuesto asignado y su proyecci\u00f3n de ejecuci\u00f3n anual, de manera de optar por los caminos de ahorro m\u00e1s adecuados -que los hay-, sin que sea el Estado quien precarice a\u00fan m\u00e1s la situaci\u00f3n econ\u00f3mica que viven actualmente los trabajadores y trabajadoras de nuestro pa\u00eds, cuando en discordancia alzamos la voz para pedirle a privados el evitar las desvinculaciones en este escenario.<\/p>\n\n\n\n<p>Tambi\u00e9n&nbsp;demandamos el pronunciamiento del Alcalde de la Ilustre Municipalidad de Natales, Fernando Paredes Mansilla, como ejecutor del programa en su comuna, y Presidente de la Asociaci\u00f3n Chilena de Municipalidades, y lo instamos a que -como ya lo han efectuado otros ediles frente a la actual crisis- sea protagonista positivo y destrabe este conflicto, para detener la cat\u00e1strofe que implicar\u00e1 dejar a 882 familias sin fuente de ingresos, y en la regi\u00f3n, a mujeres sin una pol\u00edtica p\u00fablica fundamental, que busca apoyar y fomentar su autonom\u00eda econ\u00f3mica.<\/p>\n\n\n\n<p>Como ANFUSEM sostenemos que el verdadero compromiso pol\u00edtico con una Agenda de G\u00e9nero, no se condice con la reducci\u00f3n de los equipos profesionales, ni con el aumento de la precarizaci\u00f3n de las prestaciones que se entregan a las mujeres de Chile, ni con desmantelar en un instante una pol\u00edtica p\u00fablica que ha hecho tanto bien a grupos de familias vulnerables de este pa\u00eds, dejando a trabajadores y trabajadoras en la m\u00e1s completa indefensi\u00f3n.<\/p>\n\n\n\n<p><strong>\u00a1NO AL CONGELAMIENTO DEL PROGRAMA 4 A 7!<\/strong><\/p>\n","protected":false},"excerpt":{"rendered":"<p>Como Asociaci\u00f3n Regional de Funcionarios de SernamEG rechazamos rotundamente los recortes que hoy est\u00e1 solicitando el Gobierno al Servicio Nacional de la Mujer y la Equidad de G\u00e9nero ante la&#8230; <a class=\"read-more\" href=\"https:\/\/www.radiopresidenteibanez.cl\/web\/asociacion-de-funcionarios-de-sernameg-magallanes-se-refiere-al-congelamiento-del-programa-de-4-a-7\/\">Leer m\u00e1s<\/a><\/p>\n","protected":false},"author":2,"featured_media":740,"comment_status":"closed","ping_status":"closed","sticky":false,"template":"","format":"standard","meta":{"footnotes":""},"categories":[1],"tags":[],"class_list":["post-11160","post","type-post","status-publish","format-standard","has-post-thumbnail","hentry","category-cronica"],"_links":{"self":[{"href":"https:\/\/www.radiopresidenteibanez.cl\/web\/wp-json\/wp\/v2\/posts\/11160","targetHints":{"allow":["GET"]}}],"collection":[{"href":"https:\/\/www.radiopresidenteibanez.cl\/web\/wp-json\/wp\/v2\/posts"}],"about":[{"href":"https:\/\/www.radiopresidenteibanez.cl\/web\/wp-json\/wp\/v2\/types\/post"}],"author":[{"embeddable":true,"href":"https:\/\/www.radiopresidenteibanez.cl\/web\/wp-json\/wp\/v2\/users\/2"}],"replies":[{"embeddable":true,"href":"https:\/\/www.radiopresidenteibanez.cl\/web\/wp-json\/wp\/v2\/comments?post=11160"}],"version-history":[{"count":0,"href":"https:\/\/www.radiopresidenteibanez.cl\/web\/wp-json\/wp\/v2\/posts\/11160\/revisions"}],"wp:featuredmedia":[{"embeddable":true,"href":"https:\/\/www.radiopresidenteibanez.cl\/web\/wp-json\/wp\/v2\/media\/740"}],"wp:attachment":[{"href":"https:\/\/www.radiopresidenteibanez.cl\/web\/wp-json\/wp\/v2\/media?parent=11160"}],"wp:term":[{"taxonomy":"category","embeddable":true,"href":"https:\/\/www.radiopresidenteibanez.cl\/web\/wp-json\/wp\/v2\/categories?post=11160"},{"taxonomy":"post_tag","embeddable":true,"href":"https:\/\/www.radiopresidenteibanez.cl\/web\/wp-json\/wp\/v2\/tags?post=11160"}],"curies":[{"name":"wp","href":"https:\/\/api.w.org\/{rel}","templated":true}]}}