{"id":11152,"date":"2020-04-19T16:58:57","date_gmt":"2020-04-19T16:58:57","guid":{"rendered":"https:\/\/www.radiopresidenteibanez.cl\/web\/?p=11152"},"modified":"2020-04-19T16:59:02","modified_gmt":"2020-04-19T16:59:02","slug":"kinesiologia-hcm-ante-contingencia-covid-19-rehabilitacion-y-terapias-desde-el-primer-momento","status":"publish","type":"post","link":"https:\/\/www.radiopresidenteibanez.cl\/web\/kinesiologia-hcm-ante-contingencia-covid-19-rehabilitacion-y-terapias-desde-el-primer-momento\/","title":{"rendered":"KINESIOLOG\u00cdA HCM ANTE CONTINGENCIA COVID-19: REHABILITACI\u00d3N Y TERAPIAS DESDE EL PRIMER MOMENTO"},"content":{"rendered":"\n<p>Con la evoluci\u00f3n de la tecnolog\u00eda y el aumento de la expectativa de vida de las personas, la atenci\u00f3n en las unidades de pacientes cr\u00edticos (UPC) se ha complejizado a trav\u00e9s del tiempo. Desde el a\u00f1o 2004, se incorpor\u00f3&nbsp; a la Unidad de Paciente Cr\u00edtico (UPC) del Hospital Cl\u00ednico Magallanes (HCM)&nbsp; el profesional de kinesiolog\u00eda que es el encargado de tratar una serie de trastornos que incluyen alteraciones neuromusculares y&nbsp; respiratorias, las cuales son muy complejos de manejar y tiempo-dependientes en cuanto a resultados a largo plazo, por lo que su abordaje y manejo precoz resulta fundamental para evitar al m\u00e1ximo su impacto en la funcionalidad cotidiana futura del paciente.<\/p>\n\n\n\n<p>El profesional de la kinesiolog\u00eda se encarga de la &nbsp;&nbsp;rehabilitaci\u00f3n integral del paciente cr\u00edtico en un contexto de soporte vital complejo, multi invadido con l\u00edneas arteriales perif\u00e9ricas, cat\u00e9ter venoso central, sonda naso g\u00e1strica, v\u00eda a\u00e9rea artificial , conexi\u00f3n a ventilaci\u00f3n mec\u00e1nica, entre otros.<\/p>\n\n\n\n<p>En este contexto, HCM &nbsp;ha formado un equipo de kinesi\u00f3logos vers\u00e1til, con formaci\u00f3n especializada en el \u00e1rea intensiva, cada vez m\u00e1s inserto en un equipo interdisciplinario, donde&nbsp; adem\u00e1s de la rehabilitaci\u00f3n integral del paciente, suma otras competencias como el manejo y permeabilizaci\u00f3n de v\u00eda a\u00e9rea artificial, armado, programaci\u00f3n y conexi\u00f3n de ventiladores mec\u00e1nicos invasivos\/no invasivos, an\u00e1lisis cr\u00edtico de ex\u00e1menes complementarios en sangre y de imagen y participaci\u00f3n activa en los planes de tratamiento de cada paciente.<\/p>\n\n\n\n<p>El equipo de kinesiolog\u00eda HCM se ha preparado y apoyado a trav\u00e9s de capacitaciones internas, en completa comunicaci\u00f3n con las sociedades m\u00e9dicas expertas en el \u00e1rea, revisando literatura actualizada para crear &nbsp;propios infogramas de apoyo y siempre apoyados por kinesi\u00f3logos de otros centros a nivel nacional para compartir&nbsp;&nbsp; experiencias, conocimientos y resultados.<\/p>\n\n\n\n<p>La alta incidencia de enfermedades respiratorias graves\u00a0 producidas por el virus SARS COV2 , o\u00a0 m\u00e1s conocido como Covid-19,\u00a0 han afectado a la Regi\u00f3n de Magallanes y la Ant\u00e1rtica Chilena,\u00a0 por lo que para HCM ha sido imprescindible aumentar la dotaci\u00f3n kin\u00e9sica principalmente en la Unidad de Paciente Cr\u00edtico , con dos cuartos turnos, m\u00e1s un diurno modificado. La gesti\u00f3n en el refuerzo es permanente y constante para poder asegurar as\u00ed un adecuado uso de los\u00a0 nuevos ventiladores mec\u00e1nicos\u00a0\u00a0 arribados a HCM y dar cobertura kin\u00e9sica a las camas habilitadas ante la contingencia.<\/p>\n\n\n\n<p>Al respecto el Dr. Christos Varnava, Jefe UPC HCM se\u00f1ala:\u201dSon profesionales de alta importancia porque tiene que ver fundamentalmente con la terapia integral de paciente definido como terapia respiratorio y adem\u00e1s de manejo de ventiladores mec\u00e1nicos en conjunto con enfermer\u00eda y m\u00e9dicos residentes, y manejo integral de la rehabilitaci\u00f3n de los pacientes que comienzan desde el primer d\u00eda en que ellos ingresa a nuestras unidades. Ellos se integran perfectamente con el equipo de salud atiende al paciente cr\u00edtico\u201d, enfatiz\u00f3.<\/p>\n\n\n\n<p>Se ha apoyado tambi\u00e9n con recurso humano permanente a unidades de menor complejidad como medicina, con dos&nbsp; profesionales&nbsp; que permiten brindar atenci\u00f3n oportuna y precoz, aportando principalmente con apoyo &nbsp;en el \u00e1rea respiratoria y musculo esquel\u00e9tica, &nbsp;considerando &nbsp;que dichas unidades absorber\u00e1n a los pacientes que permanecieron en unidades cr\u00edticas y\/o usuarios que podr\u00edan empeorar su condici\u00f3n cl\u00ednica de ingreso hospitalario.<\/p>\n\n\n\n<p>\u201cTodo esto no ser\u00eda posible con la participaci\u00f3n en forma activa y comprometida de todo el personal, junto a auxiliares, t\u00e9cnicos param\u00e9dicos, enfermeras y m\u00e9dicos, que son la primera l\u00ednea en contacto directo y trabajando a diario en pro de la recuperaci\u00f3n de \u00a0pacientes contagiados por covid19.\u201d, se\u00f1al\u00f3 Rossana Avenda\u00f1o, Klga. Supervisora (s) del Centro de Responsabilidad de Rehabilitaci\u00f3n HCM.<\/p>\n","protected":false},"excerpt":{"rendered":"<p>Con la evoluci\u00f3n de la tecnolog\u00eda y el aumento de la expectativa de vida de las personas, la atenci\u00f3n en las unidades de pacientes cr\u00edticos (UPC) se ha complejizado a&#8230; <a class=\"read-more\" href=\"https:\/\/www.radiopresidenteibanez.cl\/web\/kinesiologia-hcm-ante-contingencia-covid-19-rehabilitacion-y-terapias-desde-el-primer-momento\/\">Leer m\u00e1s<\/a><\/p>\n","protected":false},"author":2,"featured_media":11153,"comment_status":"closed","ping_status":"closed","sticky":false,"template":"","format":"standard","meta":{"footnotes":""},"categories":[1],"tags":[],"class_list":["post-11152","post","type-post","status-publish","format-standard","has-post-thumbnail","hentry","category-cronica"],"_links":{"self":[{"href":"https:\/\/www.radiopresidenteibanez.cl\/web\/wp-json\/wp\/v2\/posts\/11152","targetHints":{"allow":["GET"]}}],"collection":[{"href":"https:\/\/www.radiopresidenteibanez.cl\/web\/wp-json\/wp\/v2\/posts"}],"about":[{"href":"https:\/\/www.radiopresidenteibanez.cl\/web\/wp-json\/wp\/v2\/types\/post"}],"author":[{"embeddable":true,"href":"https:\/\/www.radiopresidenteibanez.cl\/web\/wp-json\/wp\/v2\/users\/2"}],"replies":[{"embeddable":true,"href":"https:\/\/www.radiopresidenteibanez.cl\/web\/wp-json\/wp\/v2\/comments?post=11152"}],"version-history":[{"count":0,"href":"https:\/\/www.radiopresidenteibanez.cl\/web\/wp-json\/wp\/v2\/posts\/11152\/revisions"}],"wp:featuredmedia":[{"embeddable":true,"href":"https:\/\/www.radiopresidenteibanez.cl\/web\/wp-json\/wp\/v2\/media\/11153"}],"wp:attachment":[{"href":"https:\/\/www.radiopresidenteibanez.cl\/web\/wp-json\/wp\/v2\/media?parent=11152"}],"wp:term":[{"taxonomy":"category","embeddable":true,"href":"https:\/\/www.radiopresidenteibanez.cl\/web\/wp-json\/wp\/v2\/categories?post=11152"},{"taxonomy":"post_tag","embeddable":true,"href":"https:\/\/www.radiopresidenteibanez.cl\/web\/wp-json\/wp\/v2\/tags?post=11152"}],"curies":[{"name":"wp","href":"https:\/\/api.w.org\/{rel}","templated":true}]}}