{"id":11149,"date":"2020-04-19T16:56:11","date_gmt":"2020-04-19T16:56:11","guid":{"rendered":"https:\/\/www.radiopresidenteibanez.cl\/web\/?p=11149"},"modified":"2020-04-19T16:56:15","modified_gmt":"2020-04-19T16:56:15","slug":"fin-de-convenio-marco-con-el-estado-amenaza-con-dejar-decenas-de-miles-de-desempleados-en-el-sector-de-produccion-de-eventos","status":"publish","type":"post","link":"https:\/\/www.radiopresidenteibanez.cl\/web\/fin-de-convenio-marco-con-el-estado-amenaza-con-dejar-decenas-de-miles-de-desempleados-en-el-sector-de-produccion-de-eventos\/","title":{"rendered":"FIN DE CONVENIO MARCO CON EL ESTADO AMENAZA CON DEJAR DECENAS DE MILES DE DESEMPLEADOS EN EL SECTOR DE PRODUCCI\u00d3N DE EVENTOS"},"content":{"rendered":"\n<p> M\u00e1s de 40 mil trabajadores del sector de producci\u00f3n de eventos est\u00e1n en riesgo de perder sus empleos producto de la finalizaci\u00f3n y no renovaci\u00f3n del Convenio Marco de Producci\u00f3n de Eventos que posee el Estado con este sector.<br>\u00a0<br>Como un verdadero \u201cgolpe de gracia\u201d de parte de la Direcci\u00f3n de Compras es considerada esta decisi\u00f3n por la Asociaci\u00f3n Gremial que representa a 200 empresas \u00a0y 40.000 trabajadores, quienes\u00a0 decidieron dar a conocer el tr\u00e1gico escenario comercial y econ\u00f3mico que han debido enfrentar desde mediados de 2019 hasta la fecha, considerando tres hitos originarios: Estallido Social, Cancelaci\u00f3n masiva de compra de eventos por parte del Gobierno y Pandemia COVID-19.<br>\u00a0<br>Seg\u00fan Datos Abiertos, la inversi\u00f3n p\u00fablica en el sector decay\u00f3 en octubre de 2019 en un 49% respecto del a\u00f1o anterior, en noviembre de 2019 un \u00a067% y en diciembre un 11%, dejando el rubro de producci\u00f3n de eventos en una posici\u00f3n de absoluta inestabilidad financiera para afrontar la actual pandemia y un eventual termino de contrato por parte del Gobierno.<br>\u00a0<br>\u201cTras los eventos suscitados en 2019, la actitud del Gobierno ha sido de total abandono con el sector, no solo por la ruptura de cientos de compromisos cancelados, lo que se traduce en un fuerte decrecimiento del \u00e1rea productiva, sino tambi\u00e9n por la insistente idea de\u00a0<strong>poner fin al contrato de convenio marco vigente sin dar opciones a un nuevo llamado a licitaci\u00f3n por parte de la Direcci\u00f3n De Compras<\/strong>, afectando a cientos de empresas\u201d, comenta Hector Alvarez vocero de la asociaci\u00f3n.<br>\u00a0<br>La producci\u00f3n de eventos es un sector productivo \u00edntimamente relacionado con el turismo en nuestro pa\u00eds, la cancelaci\u00f3n de la oferta tur\u00edstica y el retroceso del mercado de eventos masivos y panoramas se corresponden de forma directa con la ca\u00edda estrepitosa de los datos de turismo en 2019, donde se produjo, por ejemplo, una ca\u00edda de 37,9% de las visitas turistas extranjeros respecto de 2018, si a esto sumamos la cancelaci\u00f3n de todos los eventos masivos por el actual escenario de pandemia, el turismo y la industria de eventos representa uno de los sectores productivos m\u00e1s afectados.<br>\u00a0<br><strong>Autoridades<\/strong><\/p>\n\n\n\n<p>El d\u00eda mi\u00e9rcoles 15 de abril se concret\u00f3, por video conferencia la reuni\u00f3n solicitada por Ley del Lobby, con la directora de la Direcci\u00f3n de Compras, Sra. Tania Perich, quien se mostr\u00f3 receptiva en un comienzo frente a los planteamientos y peticiones realizadas por los asociados Daniel Hoppmann, H\u00e9ctor \u00c1lvarez, Juan Pablo S\u00e1ez y Horacio de la Pe\u00f1a<br>\u00a0<br>La alta directiva plante\u00f3 la imposibilidad de una extensi\u00f3n del Convenio Marco vigente y un nuevo llamado del mismo. Sin embargo se comprometi\u00f3 a revisar junto a su equipo legal nuevamente la problem\u00e1tica planteada y fue agendada una nueva reuni\u00f3n para este lunes 20 de abril considerando lo dif\u00edcil y grave de la situaci\u00f3n que aqueja a la industria. <\/p>\n","protected":false},"excerpt":{"rendered":"<p>M\u00e1s de 40 mil trabajadores del sector de producci\u00f3n de eventos est\u00e1n en riesgo de perder sus empleos producto de la finalizaci\u00f3n y no renovaci\u00f3n del Convenio Marco de Producci\u00f3n&#8230; <a class=\"read-more\" href=\"https:\/\/www.radiopresidenteibanez.cl\/web\/fin-de-convenio-marco-con-el-estado-amenaza-con-dejar-decenas-de-miles-de-desempleados-en-el-sector-de-produccion-de-eventos\/\">Leer m\u00e1s<\/a><\/p>\n","protected":false},"author":2,"featured_media":11150,"comment_status":"closed","ping_status":"closed","sticky":false,"template":"","format":"standard","meta":{"footnotes":""},"categories":[1],"tags":[],"class_list":["post-11149","post","type-post","status-publish","format-standard","has-post-thumbnail","hentry","category-cronica"],"_links":{"self":[{"href":"https:\/\/www.radiopresidenteibanez.cl\/web\/wp-json\/wp\/v2\/posts\/11149","targetHints":{"allow":["GET"]}}],"collection":[{"href":"https:\/\/www.radiopresidenteibanez.cl\/web\/wp-json\/wp\/v2\/posts"}],"about":[{"href":"https:\/\/www.radiopresidenteibanez.cl\/web\/wp-json\/wp\/v2\/types\/post"}],"author":[{"embeddable":true,"href":"https:\/\/www.radiopresidenteibanez.cl\/web\/wp-json\/wp\/v2\/users\/2"}],"replies":[{"embeddable":true,"href":"https:\/\/www.radiopresidenteibanez.cl\/web\/wp-json\/wp\/v2\/comments?post=11149"}],"version-history":[{"count":0,"href":"https:\/\/www.radiopresidenteibanez.cl\/web\/wp-json\/wp\/v2\/posts\/11149\/revisions"}],"wp:featuredmedia":[{"embeddable":true,"href":"https:\/\/www.radiopresidenteibanez.cl\/web\/wp-json\/wp\/v2\/media\/11150"}],"wp:attachment":[{"href":"https:\/\/www.radiopresidenteibanez.cl\/web\/wp-json\/wp\/v2\/media?parent=11149"}],"wp:term":[{"taxonomy":"category","embeddable":true,"href":"https:\/\/www.radiopresidenteibanez.cl\/web\/wp-json\/wp\/v2\/categories?post=11149"},{"taxonomy":"post_tag","embeddable":true,"href":"https:\/\/www.radiopresidenteibanez.cl\/web\/wp-json\/wp\/v2\/tags?post=11149"}],"curies":[{"name":"wp","href":"https:\/\/api.w.org\/{rel}","templated":true}]}}