{"id":11146,"date":"2020-04-19T16:51:04","date_gmt":"2020-04-19T16:51:04","guid":{"rendered":"https:\/\/www.radiopresidenteibanez.cl\/web\/?p=11146"},"modified":"2020-04-19T16:51:09","modified_gmt":"2020-04-19T16:51:09","slug":"servicio-medico-legal-mantiene-funciones-criticas-con-un-alto-nivel-de-coordinaciones","status":"publish","type":"post","link":"https:\/\/www.radiopresidenteibanez.cl\/web\/servicio-medico-legal-mantiene-funciones-criticas-con-un-alto-nivel-de-coordinaciones\/","title":{"rendered":"SERVICIO M\u00c9DICO LEGAL MANTIENE FUNCIONES CR\u00cdTICAS CON UN ALTO NIVEL DE COORDINACIONES"},"content":{"rendered":"\n<p>El trabajo en\nred y la continuidad operacional de sus unidades son aspectos prioritarios en\nel funcionamiento del Servicio M\u00e9dico Legal (SML), desde el inicio de la\npandemia del COVID-19 a nivel nacional.<\/p>\n\n\n\n<p>Ren\u00e9 Castro Cid,\nDirector Regional de la entidad, indic\u00f3 que desde el 13 de marzo privilegiaron\nmedidas tendientes a restringir el contacto f\u00edsico (saludo de mano o de beso) a\nnivel de funcionarios y p\u00fablico en sus sedes regionales. Esto, acompa\u00f1ado de\nse\u00f1al\u00e9tica educativa al ingreso de la sede Punta Arenas y mes\u00f3n de atenci\u00f3n, al\nigual que en su sede de Natales, y el env\u00edo de informaci\u00f3n con medidas de\nautocuidado a todo el Gabinete de Justicia.<\/p>\n\n\n\n<p>A contar del 16\nde marzo, en coordinaci\u00f3n con la Direcci\u00f3n Nacional del SML, se tom\u00f3 la\ndecisi\u00f3n de organizar trabajo remoto. Para ello, se dispuso enviar a trabajar\ndesde sus casas a aquellos grupos considerados de riesgo: funcionarios con\nenfermedades cr\u00f3nicas, mayores de 65 a\u00f1os y se incluy\u00f3 adem\u00e1s a todas las\nfuncionarias con hijos menores de 13 a\u00f1os (considerando que el 16 de marzo se\nsuspendieron las clases a nivel nacional). A contar de aquella semana se\nsuspendi\u00f3 la atenci\u00f3n de p\u00fablico, quedando restringida exclusivamente a\nperitajes solicitados por Fiscal\u00edas de car\u00e1cter urgente en materias cl\u00ednicas\n(lesiones o sexol\u00f3gicos) y tanatol\u00f3gicos.<\/p>\n\n\n\n<p>Desde esa fecha han\nmantenido las medidas de aislamiento social, asisti\u00e9ndose s\u00f3lo en caso de\nrequerirse sus funciones presenciales y por el tiempo que sea necesario, y\nmientras dure el Estado de Cat\u00e1strofe.<\/p>\n\n\n\n<p>Por otro lado,\ninform\u00f3 que el 23 de marzo culminaron el proceso de inmunizaci\u00f3n contra la\ninfluenza, al estar como todos expuestos a contagio por COVID-19. <\/p>\n\n\n\n<p>&nbsp;\u201cLas medidas adoptadas y comentadas\nanteriormente han sido fundamentales para proteger a nuestros funcionarios,\nconsiderando que somos un Servicio peque\u00f1o. Adem\u00e1s, he realizado monitoreo\nconstante del estado de todos los funcionarios del Servicio, para saber c\u00f3mo se\nencuentran, y a trav\u00e9s de la coordinaci\u00f3n con la Direcci\u00f3n Nacional y con la\nSubdirecci\u00f3n M\u00e9dica y Administrativa, hemos apoyado a los funcionarios que as\u00ed\nlo han necesitado\u201d, remarc\u00f3. Aqu\u00ed, el profesional resalt\u00f3 un gran compromiso de\nparte de todo el equipo del SML regional.<\/p>\n\n\n\n<p>Respecto a los\nperitajes tanatol\u00f3gicos (autopsias) destac\u00f3 que se han aplicado protocolos\nestrictos desde un comienzo, asociados a la Norma T\u00e9cnica que la Instituci\u00f3n\nposee. Esto les ha permitido apoyar al Servicio de Salud de Magallanes en el\ndesarrollo de sus protocolos de manejo ante la posibilidad de fallecidos por\nenfermedad, asociados o no a COVID-19, y en donde no hay sospecha de\ncriminalidad.<\/p>\n\n\n\n<p>Asimismo, han participado\nactivamente en el desarrollo de protocolos de manejo de fallecidos, en un\ntrabajo en conjunto con el Seremi de Justicia, actividad que se viene\nrealizando desde el mes de enero del presente, a pocas semanas de haber \u00e9l\nasumido la Direcci\u00f3n Regional. En el desarrollo de este proyecto se ha trabajo\ncon el apoyo del Director de Onemi Regional y autoridades regionales.<\/p>\n\n\n\n<p>El Seremi de Justicia y DD.HH., Fabi\u00e1n Mella, valor\u00f3 una\nvez m\u00e1s el profesionalismo y alto compromiso de\nlos funcionarios del SML en cumplir todos los est\u00e1ndares y procedimientos\nrequeridos, lo cual redunda en un aporte consistente del SML ante la\nactual situaci\u00f3n de emergencia que enfrentan la regi\u00f3n y el pa\u00eds.<\/p>\n","protected":false},"excerpt":{"rendered":"<p>El trabajo en red y la continuidad operacional de sus unidades son aspectos prioritarios en el funcionamiento del Servicio M\u00e9dico Legal (SML), desde el inicio de la pandemia del COVID-19&#8230; <a class=\"read-more\" href=\"https:\/\/www.radiopresidenteibanez.cl\/web\/servicio-medico-legal-mantiene-funciones-criticas-con-un-alto-nivel-de-coordinaciones\/\">Leer m\u00e1s<\/a><\/p>\n","protected":false},"author":2,"featured_media":11147,"comment_status":"closed","ping_status":"closed","sticky":false,"template":"","format":"standard","meta":{"footnotes":""},"categories":[1],"tags":[],"class_list":["post-11146","post","type-post","status-publish","format-standard","has-post-thumbnail","hentry","category-cronica"],"_links":{"self":[{"href":"https:\/\/www.radiopresidenteibanez.cl\/web\/wp-json\/wp\/v2\/posts\/11146","targetHints":{"allow":["GET"]}}],"collection":[{"href":"https:\/\/www.radiopresidenteibanez.cl\/web\/wp-json\/wp\/v2\/posts"}],"about":[{"href":"https:\/\/www.radiopresidenteibanez.cl\/web\/wp-json\/wp\/v2\/types\/post"}],"author":[{"embeddable":true,"href":"https:\/\/www.radiopresidenteibanez.cl\/web\/wp-json\/wp\/v2\/users\/2"}],"replies":[{"embeddable":true,"href":"https:\/\/www.radiopresidenteibanez.cl\/web\/wp-json\/wp\/v2\/comments?post=11146"}],"version-history":[{"count":0,"href":"https:\/\/www.radiopresidenteibanez.cl\/web\/wp-json\/wp\/v2\/posts\/11146\/revisions"}],"wp:featuredmedia":[{"embeddable":true,"href":"https:\/\/www.radiopresidenteibanez.cl\/web\/wp-json\/wp\/v2\/media\/11147"}],"wp:attachment":[{"href":"https:\/\/www.radiopresidenteibanez.cl\/web\/wp-json\/wp\/v2\/media?parent=11146"}],"wp:term":[{"taxonomy":"category","embeddable":true,"href":"https:\/\/www.radiopresidenteibanez.cl\/web\/wp-json\/wp\/v2\/categories?post=11146"},{"taxonomy":"post_tag","embeddable":true,"href":"https:\/\/www.radiopresidenteibanez.cl\/web\/wp-json\/wp\/v2\/tags?post=11146"}],"curies":[{"name":"wp","href":"https:\/\/api.w.org\/{rel}","templated":true}]}}