{"id":11143,"date":"2020-04-17T21:50:31","date_gmt":"2020-04-17T21:50:31","guid":{"rendered":"https:\/\/www.radiopresidenteibanez.cl\/web\/?p=11143"},"modified":"2020-04-17T21:50:35","modified_gmt":"2020-04-17T21:50:35","slug":"municipios-advierten-colapso-financiero-en-reunion-con-ministro-de-hacienda","status":"publish","type":"post","link":"https:\/\/www.radiopresidenteibanez.cl\/web\/municipios-advierten-colapso-financiero-en-reunion-con-ministro-de-hacienda\/","title":{"rendered":"MUNICIPIOS ADVIERTEN COLAPSO FINANCIERO EN REUNI\u00d3N CON MINISTRO DE HACIENDA"},"content":{"rendered":"\n<p>El Directorio de la Asociaci\u00f3n Chilena de Municipalidades (AChM), que encabeza el Alcalde de Natales, Fernando Paredes, se reuni\u00f3 con el Ministro de Hacienda, Ignacio Briones para abordar temas de financiamiento municipal, vinculados a la emergencia sanitaria, funcionamiento de los programas sociales y los d\u00e9ficits municipales.<\/p>\n\n\n\n<p>Al t\u00e9rmino de la reuni\u00f3n, el presidente de los alcaldes se\u00f1al\u00f3 que \u201cvaloramos la disposici\u00f3n del Ministro Briones, y como Directorio, entregamos todos los antecedentes de la crisis financiera que est\u00e1n viviendo, gran parte de los municipios del pa\u00eds\u201d.<\/p>\n\n\n\n<p>El Alcalde de Natales se refiri\u00f3 al complejo momento que est\u00e1n pasando algunas municipalidades expresando que \u201chay municipios que est\u00e1n entrando en un proceso de quiebra, otros han cesado los pagos, producto de los menores ingresos percibidos, relacionado con el aplazamiento de los permisos de circulaci\u00f3n y las contribuciones\u201d.<\/p>\n\n\n\n<p>Paredes indic\u00f3 que \u201ccreemos que el Ministro entendi\u00f3 la gravedad de la situaci\u00f3n, y comprometi\u00f3 su intenci\u00f3n de que los fondos recaudados por permisos de circulaci\u00f3n e impuestos territoriales, sean inyectados a la brevedad en las arcas municipales del pa\u00eds\u201d.<\/p>\n\n\n\n<p>Finalmente, el presidente de la AChM remarc\u00f3 que \u201csi no somos capaces de arreglar la crisis financiera que nos afecta, los municipios no seremos capaces de responder &#8211; desde el punto de vista social &#8211; a nuestros vecinos m\u00e1s vulnerables\u201d.<\/p>\n\n\n\n<p>La AChM manifest\u00f3 que el presupuesto del 2020 fue planificado en un escenario normal, no contemplando la crisis sanitaria producto del Covid-19, la cual, ha obligado a las municipalidades a incurrir en gastos, destinados a enfrentar la emergencia, lo que ha causado un profundo da\u00f1o, principalmente a las familias m\u00e1s vulnerables, que acuden a los municipios en busca de ayuda.Ejemplo de lo anterior, es la poblaci\u00f3n en cuarentena, que solicita m\u00e1s ayuda a trav\u00e9s de v\u00edveres art\u00edculos de primera necesidad para enfrentar la crisis. Provocando que, con el aumento en la &nbsp;demandas de ayuda para la comunidad, se disparan los gastos del \u00e1rea social, los que ya, en tiempos \u201cnormales\u00bb son insuficientes, generando un efecto \u201cdomin\u00f3\u00bb en las finanzas municipales, afectando el periodo presupuestario 2020.&nbsp;<br><\/p>\n","protected":false},"excerpt":{"rendered":"<p>El Directorio de la Asociaci\u00f3n Chilena de Municipalidades (AChM), que encabeza el Alcalde de Natales, Fernando Paredes, se reuni\u00f3 con el Ministro de Hacienda, Ignacio Briones para abordar temas de&#8230; <a class=\"read-more\" href=\"https:\/\/www.radiopresidenteibanez.cl\/web\/municipios-advierten-colapso-financiero-en-reunion-con-ministro-de-hacienda\/\">Leer m\u00e1s<\/a><\/p>\n","protected":false},"author":2,"featured_media":11144,"comment_status":"closed","ping_status":"closed","sticky":false,"template":"","format":"standard","meta":{"footnotes":""},"categories":[1],"tags":[],"class_list":["post-11143","post","type-post","status-publish","format-standard","has-post-thumbnail","hentry","category-cronica"],"_links":{"self":[{"href":"https:\/\/www.radiopresidenteibanez.cl\/web\/wp-json\/wp\/v2\/posts\/11143","targetHints":{"allow":["GET"]}}],"collection":[{"href":"https:\/\/www.radiopresidenteibanez.cl\/web\/wp-json\/wp\/v2\/posts"}],"about":[{"href":"https:\/\/www.radiopresidenteibanez.cl\/web\/wp-json\/wp\/v2\/types\/post"}],"author":[{"embeddable":true,"href":"https:\/\/www.radiopresidenteibanez.cl\/web\/wp-json\/wp\/v2\/users\/2"}],"replies":[{"embeddable":true,"href":"https:\/\/www.radiopresidenteibanez.cl\/web\/wp-json\/wp\/v2\/comments?post=11143"}],"version-history":[{"count":0,"href":"https:\/\/www.radiopresidenteibanez.cl\/web\/wp-json\/wp\/v2\/posts\/11143\/revisions"}],"wp:featuredmedia":[{"embeddable":true,"href":"https:\/\/www.radiopresidenteibanez.cl\/web\/wp-json\/wp\/v2\/media\/11144"}],"wp:attachment":[{"href":"https:\/\/www.radiopresidenteibanez.cl\/web\/wp-json\/wp\/v2\/media?parent=11143"}],"wp:term":[{"taxonomy":"category","embeddable":true,"href":"https:\/\/www.radiopresidenteibanez.cl\/web\/wp-json\/wp\/v2\/categories?post=11143"},{"taxonomy":"post_tag","embeddable":true,"href":"https:\/\/www.radiopresidenteibanez.cl\/web\/wp-json\/wp\/v2\/tags?post=11143"}],"curies":[{"name":"wp","href":"https:\/\/api.w.org\/{rel}","templated":true}]}}