{"id":11140,"date":"2020-04-17T21:47:58","date_gmt":"2020-04-17T21:47:58","guid":{"rendered":"https:\/\/www.radiopresidenteibanez.cl\/web\/?p=11140"},"modified":"2020-04-17T21:48:01","modified_gmt":"2020-04-17T21:48:01","slug":"se-da-inicio-a-pago-de-bono-covid-19-a-27-millones-de-beneficiarios","status":"publish","type":"post","link":"https:\/\/www.radiopresidenteibanez.cl\/web\/se-da-inicio-a-pago-de-bono-covid-19-a-27-millones-de-beneficiarios\/","title":{"rendered":"SE DA INICIO A PAGO DE BONO COVID-19 A 2,7 MILLONES DE BENEFICIARIOS"},"content":{"rendered":"\n<p>\n\nEl Presidente de la Rep\u00fablica, Sebasti\u00e1n Pi\u00f1era, dio inicio este viernes al pago del Bono Covid-19, que beneficiar\u00e1 a m\u00e1s de 2,7 millones de personas.<\/p>\n\n\n\n<p>Para los beneficiarios del Subsidio \u00danico Familiar (SUF) se asignar\u00e1n $50.000 por carga, con m\u00e1s de 2 millones de personas que lo recibir\u00e1n. En tanto, a las familias que integran el Subsistema de Seguridades y Oportunidades, se asignar\u00e1n $50.000 por familia, alcanzando a cerca de 100 mil hogares.&nbsp;<\/p>\n\n\n\n<p>Adem\u00e1s, se entregar\u00e1 un bono de $50.000 por familia para aquellas que integren un hogar del 60% m\u00e1s vulnerable de acuerdo al Registro Social de Hogares y que no sean beneficiarias de los subsidios antes descritos, ni del subsidio de asignaci\u00f3n familiar o maternal, ni de alguna pensi\u00f3n del r\u00e9gimen de seguridad social. Esto se reflejar\u00e1 en la entrega de 650 mil bonos.<br><br>\u201cCompartimos y sentimos como propios sus penas, sus alegr\u00edas, sus temores y sus esperanzas, porque la primera motivaci\u00f3n que nos hace a los que estamos en el Servicio P\u00fablico levantarnos muy temprano todas las ma\u00f1anas y acostarnos muy tarde todas las noches, es poder acompa\u00f1arlos, poder ayudarlos\u201d, dijo el Mandatario, quien estuvo acompa\u00f1ado por el Ministro de Desarrollo Social, Sebasti\u00e1n Sichel, y tres familias, de las m\u00e1s de 1,5 millones de hogares que recibir\u00e1n el bono.&nbsp;<\/p>\n\n\n\n<p>El 75% se pagar\u00e1 por Cuenta RUT este 17 y 18 de abril a los beneficiarios del Subsidio \u00danico Familiar y al Subsistema de Seguridades y Oportunidades, as\u00ed como a otros grupos que tengan cuenta vigente.&nbsp;<\/p>\n\n\n\n<p>En tanto, a las personas sin cuenta se le pagar\u00e1 de manera presencial a partir del lunes 20 en Caja Los H\u00e9roes y BancoEstado, dependiendo de la localidad en la que vivan, y a quienes cuentan con pagos m\u00f3viles rurales del IPS y que tengan derecho a este bono, se les incluir\u00e1 en su pago habitual en mayo.<\/p>\n\n\n\n<p>\u201cA trav\u00e9s de estos distintos instrumentos, hemos buscado proteger a todos los sectores m\u00e1s vulnerables de nuestro pa\u00eds y que se han visto afectados por esta pandemia del coronavirus\u201d, explic\u00f3 el Jefe de Estado.<\/p>\n\n\n\n<p>El bono implica un esfuerzo para el Estado de US$167 millones.<\/p>\n\n\n\n<p>Este aporte forma parte de un plan integral de emergencia econ\u00f3mica lanzado por el Presidente para proteger a personas y familias vulnerables, y peque\u00f1as empresas.\n\n<\/p>\n","protected":false},"excerpt":{"rendered":"<p>El Presidente de la Rep\u00fablica, Sebasti\u00e1n Pi\u00f1era, dio inicio este viernes al pago del Bono Covid-19, que beneficiar\u00e1 a m\u00e1s de 2,7 millones de personas. Para los beneficiarios del Subsidio&#8230; <a class=\"read-more\" href=\"https:\/\/www.radiopresidenteibanez.cl\/web\/se-da-inicio-a-pago-de-bono-covid-19-a-27-millones-de-beneficiarios\/\">Leer m\u00e1s<\/a><\/p>\n","protected":false},"author":2,"featured_media":11141,"comment_status":"closed","ping_status":"closed","sticky":false,"template":"","format":"standard","meta":{"footnotes":""},"categories":[1],"tags":[],"class_list":["post-11140","post","type-post","status-publish","format-standard","has-post-thumbnail","hentry","category-cronica"],"_links":{"self":[{"href":"https:\/\/www.radiopresidenteibanez.cl\/web\/wp-json\/wp\/v2\/posts\/11140","targetHints":{"allow":["GET"]}}],"collection":[{"href":"https:\/\/www.radiopresidenteibanez.cl\/web\/wp-json\/wp\/v2\/posts"}],"about":[{"href":"https:\/\/www.radiopresidenteibanez.cl\/web\/wp-json\/wp\/v2\/types\/post"}],"author":[{"embeddable":true,"href":"https:\/\/www.radiopresidenteibanez.cl\/web\/wp-json\/wp\/v2\/users\/2"}],"replies":[{"embeddable":true,"href":"https:\/\/www.radiopresidenteibanez.cl\/web\/wp-json\/wp\/v2\/comments?post=11140"}],"version-history":[{"count":0,"href":"https:\/\/www.radiopresidenteibanez.cl\/web\/wp-json\/wp\/v2\/posts\/11140\/revisions"}],"wp:featuredmedia":[{"embeddable":true,"href":"https:\/\/www.radiopresidenteibanez.cl\/web\/wp-json\/wp\/v2\/media\/11141"}],"wp:attachment":[{"href":"https:\/\/www.radiopresidenteibanez.cl\/web\/wp-json\/wp\/v2\/media?parent=11140"}],"wp:term":[{"taxonomy":"category","embeddable":true,"href":"https:\/\/www.radiopresidenteibanez.cl\/web\/wp-json\/wp\/v2\/categories?post=11140"},{"taxonomy":"post_tag","embeddable":true,"href":"https:\/\/www.radiopresidenteibanez.cl\/web\/wp-json\/wp\/v2\/tags?post=11140"}],"curies":[{"name":"wp","href":"https:\/\/api.w.org\/{rel}","templated":true}]}}