{"id":11138,"date":"2020-04-17T21:45:18","date_gmt":"2020-04-17T21:45:18","guid":{"rendered":"https:\/\/www.radiopresidenteibanez.cl\/web\/?p=11138"},"modified":"2020-04-17T21:45:22","modified_gmt":"2020-04-17T21:45:22","slug":"senadora-carolina-goic-destaca-rol-de-enap-en-asegurar-el-abastecimiento-de-este-vital-elemento-para-la-region","status":"publish","type":"post","link":"https:\/\/www.radiopresidenteibanez.cl\/web\/senadora-carolina-goic-destaca-rol-de-enap-en-asegurar-el-abastecimiento-de-este-vital-elemento-para-la-region\/","title":{"rendered":"SENADORA CAROLINA GOIC DESTACA ROL DE ENAP EN ASEGURAR EL ABASTECIMIENTO DE ESTE VITAL ELEMENTO PARA LA REGI\u00d3N"},"content":{"rendered":"\n<p>Como\nuna muy reuni\u00f3n a trav\u00e9s de video conferencia calific\u00f3 la senadora magall\u00e1nica\nCarolina Goic el encuentro sostenido con la gerencia de Enap Magallanes y los\npresidentes de los sindicatos de trabajadores y de profesionales de la estatal,\noportunidad en la cual abordaron diferentes materias, entre ellas, la\nplanificaci\u00f3n de la empresa ante la situaci\u00f3n actual del pa\u00eds y de la regi\u00f3n a\nra\u00edz del coronavirus.<\/p>\n\n\n\n<p>\u201cQuiero\ndestacar en primera instancia la puesta en marcha del teletrabajo que incorpor\u00f3\nla empresa para sus funcionarios al momento de decretarse este emergencia\nsanitaria que estamos viviendo, pues la salud de las personas es lo primordial&nbsp; y de esta forma a su vez garantiza el\nfuncionamiento de la empresa\u201d, se\u00f1al\u00f3 Goic.<\/p>\n\n\n\n<p>M\u00e1s\nadelante se\u00f1ala, \u201cme han garantizado que est\u00e1n las condiciones para mantener la\noperatividad de Enap en Magallanes, junto con ello, garantizar el\nabastecimiento para regi\u00f3n de este vital elemento a trav\u00e9s de una planificaci\u00f3n\nrealizada a partir de este emergencia\u201d, agreg\u00f3,<\/p>\n\n\n\n<p>Luego\nmanifest\u00f3 que dentro de los temas abordado, est\u00e1 el ver c\u00f3mo despu\u00e9s de esta\ncrisis se mantiene el financiamiento para proyectos que est\u00e1 impulsando Enap y\nque deber\u00e1n ampliarse los plazos de ejecuci\u00f3n, sobre todo en el \u00e1mbito de\nexploraci\u00f3n y explotaci\u00f3n para seguir robusteciendo una empresa tan importante\npara Magallanes y para nuestro pa\u00eds. \u201cdebo destacar que aqu\u00ed hay un trabajo en\nconjunto, con los sindicatos, contratistas y con diferentes entes que permiten\nel funcionamiento d\u00eda a d\u00eda de Enap.<\/p>\n\n\n\n<p>Mientras\ntantas el gerentes de Enap Magallanes Rodrigo Bustamante se\u00f1al\u00f3 que, siendo\nENAP estrat\u00e9gica para Magallanes, porque es la que entrega el gas que mueve a\nmuchos sectores productivos y a la comunidad, es importante mantener un\ncontacto permanente con las autoridades de la regi\u00f3n, con quienes nos estamos\nreuniendo para explicar nuestros esfuerzos y agradecer el inter\u00e9s por colaborar\ncon la empresa. <\/p>\n\n\n\n<p>\u201cHasta\nel momento, hemos ido gestionando todo lo necesario para resguardar a nuestros\ntrabajadores, que es lo que m\u00e1s nos preocupa, y por cierto las operaciones. Por\neso hay que estar coordinados y comunicados para ir resolviendo las\ndificultades que se puedan presentar, hay que trabajar en conjunto\u201d, concluy\u00f3. <\/p>\n","protected":false},"excerpt":{"rendered":"<p>Como una muy reuni\u00f3n a trav\u00e9s de video conferencia calific\u00f3 la senadora magall\u00e1nica Carolina Goic el encuentro sostenido con la gerencia de Enap Magallanes y los presidentes de los sindicatos&#8230; <a class=\"read-more\" href=\"https:\/\/www.radiopresidenteibanez.cl\/web\/senadora-carolina-goic-destaca-rol-de-enap-en-asegurar-el-abastecimiento-de-este-vital-elemento-para-la-region\/\">Leer m\u00e1s<\/a><\/p>\n","protected":false},"author":2,"featured_media":7340,"comment_status":"closed","ping_status":"closed","sticky":false,"template":"","format":"standard","meta":{"footnotes":""},"categories":[1],"tags":[],"class_list":["post-11138","post","type-post","status-publish","format-standard","has-post-thumbnail","hentry","category-cronica"],"_links":{"self":[{"href":"https:\/\/www.radiopresidenteibanez.cl\/web\/wp-json\/wp\/v2\/posts\/11138","targetHints":{"allow":["GET"]}}],"collection":[{"href":"https:\/\/www.radiopresidenteibanez.cl\/web\/wp-json\/wp\/v2\/posts"}],"about":[{"href":"https:\/\/www.radiopresidenteibanez.cl\/web\/wp-json\/wp\/v2\/types\/post"}],"author":[{"embeddable":true,"href":"https:\/\/www.radiopresidenteibanez.cl\/web\/wp-json\/wp\/v2\/users\/2"}],"replies":[{"embeddable":true,"href":"https:\/\/www.radiopresidenteibanez.cl\/web\/wp-json\/wp\/v2\/comments?post=11138"}],"version-history":[{"count":0,"href":"https:\/\/www.radiopresidenteibanez.cl\/web\/wp-json\/wp\/v2\/posts\/11138\/revisions"}],"wp:featuredmedia":[{"embeddable":true,"href":"https:\/\/www.radiopresidenteibanez.cl\/web\/wp-json\/wp\/v2\/media\/7340"}],"wp:attachment":[{"href":"https:\/\/www.radiopresidenteibanez.cl\/web\/wp-json\/wp\/v2\/media?parent=11138"}],"wp:term":[{"taxonomy":"category","embeddable":true,"href":"https:\/\/www.radiopresidenteibanez.cl\/web\/wp-json\/wp\/v2\/categories?post=11138"},{"taxonomy":"post_tag","embeddable":true,"href":"https:\/\/www.radiopresidenteibanez.cl\/web\/wp-json\/wp\/v2\/tags?post=11138"}],"curies":[{"name":"wp","href":"https:\/\/api.w.org\/{rel}","templated":true}]}}