{"id":11134,"date":"2020-04-17T21:41:52","date_gmt":"2020-04-17T21:41:52","guid":{"rendered":"https:\/\/www.radiopresidenteibanez.cl\/web\/?p=11134"},"modified":"2020-04-17T21:41:55","modified_gmt":"2020-04-17T21:41:55","slug":"corte-de-punta-arenas-admite-recurso-de-proteccion-de-empleadas-con-fuero-maternal-despedidas-de-cadena-de-cine-y-ordena-mantener-vinculo-laboral","status":"publish","type":"post","link":"https:\/\/www.radiopresidenteibanez.cl\/web\/corte-de-punta-arenas-admite-recurso-de-proteccion-de-empleadas-con-fuero-maternal-despedidas-de-cadena-de-cine-y-ordena-mantener-vinculo-laboral\/","title":{"rendered":"CORTE DE PUNTA ARENAS ADMITE RECURSO DE PROTECCI\u00d3N DE EMPLEADAS CON FUERO MATERNAL DESPEDIDAS DE CADENA DE CINE Y ORDENA MANTENER V\u00cdNCULO LABORAL"},"content":{"rendered":"\n<p>La Corte de Apelaciones de Punta Arenas acogi\u00f3 la solicitud de orden de no innovar presentada por dos empleadas de una sala de cine \u2013una de ellas embarazada de 15 semanas y la segunda, con un hijo de ocho meses-, a quienes su empleador notific\u00f3 por correo electr\u00f3nico de la suspensi\u00f3n de la relaci\u00f3n laboral con ellas, y orden\u00f3 a la empresa dejar sin efecto el tr\u00e1mite.<\/p>\n\n\n\n<p>En fallo un\u00e1nime (causa rol 515-2020), la Primera Sala del tribunal de alzada \u2013integrada por los ministros Mar\u00eda Isabel San Mart\u00edn y Marcos Kusanovic y la abogada (i) Carmen Gonz\u00e1lez\u2013 declar\u00f3 admisible el recurso de protecci\u00f3n deducido en contra de la cadena Cine Star SPA, en el que las trabajadoras plantearon que la actuaci\u00f3n de la empresa fue arbitraria e ilegal al basarse en la nueva normativa laboral surgida a causa de la emergencia sanitaria del Covid-19, espec\u00edficamente el dictamen 1283\/006 de la Direcci\u00f3n del Trabajo, que exonera a los empleadores del cumplimiento de sus obligaciones contractuales por motivos de fuerza mayor, sin pronunciarse sobre aquellos con fuero.\u201cA lo principal: Se declara admisible el recurso de protecci\u00f3n deducido. P\u00eddase informe a la recurrida, el que deber\u00e1 ser evacuado en el plazo de seis d\u00edas h\u00e1biles, debiendo adjuntar todos los antecedentes que obren en su poder y que digan relaci\u00f3n con el recurso de autos. Of\u00edciese. Al primer otros\u00ed: Atendido el m\u00e9rito de los antecedentes, ha lugar a la orden de no innovar solicitada. Of\u00edciese\u201d, consigna el fallo.&nbsp;\n\n<\/p>\n","protected":false},"excerpt":{"rendered":"<p>La Corte de Apelaciones de Punta Arenas acogi\u00f3 la solicitud de orden de no innovar presentada por dos empleadas de una sala de cine \u2013una de ellas embarazada de 15&#8230; <a class=\"read-more\" href=\"https:\/\/www.radiopresidenteibanez.cl\/web\/corte-de-punta-arenas-admite-recurso-de-proteccion-de-empleadas-con-fuero-maternal-despedidas-de-cadena-de-cine-y-ordena-mantener-vinculo-laboral\/\">Leer m\u00e1s<\/a><\/p>\n","protected":false},"author":2,"featured_media":136,"comment_status":"closed","ping_status":"closed","sticky":false,"template":"","format":"standard","meta":{"footnotes":""},"categories":[1],"tags":[],"class_list":["post-11134","post","type-post","status-publish","format-standard","has-post-thumbnail","hentry","category-cronica"],"_links":{"self":[{"href":"https:\/\/www.radiopresidenteibanez.cl\/web\/wp-json\/wp\/v2\/posts\/11134","targetHints":{"allow":["GET"]}}],"collection":[{"href":"https:\/\/www.radiopresidenteibanez.cl\/web\/wp-json\/wp\/v2\/posts"}],"about":[{"href":"https:\/\/www.radiopresidenteibanez.cl\/web\/wp-json\/wp\/v2\/types\/post"}],"author":[{"embeddable":true,"href":"https:\/\/www.radiopresidenteibanez.cl\/web\/wp-json\/wp\/v2\/users\/2"}],"replies":[{"embeddable":true,"href":"https:\/\/www.radiopresidenteibanez.cl\/web\/wp-json\/wp\/v2\/comments?post=11134"}],"version-history":[{"count":0,"href":"https:\/\/www.radiopresidenteibanez.cl\/web\/wp-json\/wp\/v2\/posts\/11134\/revisions"}],"wp:featuredmedia":[{"embeddable":true,"href":"https:\/\/www.radiopresidenteibanez.cl\/web\/wp-json\/wp\/v2\/media\/136"}],"wp:attachment":[{"href":"https:\/\/www.radiopresidenteibanez.cl\/web\/wp-json\/wp\/v2\/media?parent=11134"}],"wp:term":[{"taxonomy":"category","embeddable":true,"href":"https:\/\/www.radiopresidenteibanez.cl\/web\/wp-json\/wp\/v2\/categories?post=11134"},{"taxonomy":"post_tag","embeddable":true,"href":"https:\/\/www.radiopresidenteibanez.cl\/web\/wp-json\/wp\/v2\/tags?post=11134"}],"curies":[{"name":"wp","href":"https:\/\/api.w.org\/{rel}","templated":true}]}}