{"id":11131,"date":"2020-04-17T21:40:15","date_gmt":"2020-04-17T21:40:15","guid":{"rendered":"https:\/\/www.radiopresidenteibanez.cl\/web\/?p=11131"},"modified":"2020-04-17T21:40:18","modified_gmt":"2020-04-17T21:40:18","slug":"municipalidad-de-natales-refuerza-el-uso-de-mascarillas-para-ayudar-a-previnir-contagios-de-coronavirus","status":"publish","type":"post","link":"https:\/\/www.radiopresidenteibanez.cl\/web\/municipalidad-de-natales-refuerza-el-uso-de-mascarillas-para-ayudar-a-previnir-contagios-de-coronavirus\/","title":{"rendered":"MUNICIPALIDAD DE NATALES REFUERZA EL USO DE MASCARILLAS PARA AYUDAR A PREVINIR CONTAGIOS DE CORONAVIRUS"},"content":{"rendered":"\n<p>Como una forma de reforzar la\nprevenci\u00f3n entre los ciudadanos, la Ilustre Municipalidad de Natales est\u00e1\nrealizando la entrega de recomendaciones y mascarillas en diversos puntos de la\nciudad. <\/p>\n\n\n\n<p>La medida fue instaurada por el\nalcalde de la comuna, Fernando Paredes Mansilla, quien entreg\u00f3 mascarillas a\nlos taxistas y colectiveros de la ciudad, ayud\u00e1ndolos a cumplir con las indicaciones\npor parte del Ministerio de Salud sobre el uso de mascarillas en el transporte\np\u00fablico. <\/p>\n\n\n\n<p>La m\u00e1xima autoridad comunal, se\u00f1al\u00f3\nque la idea es apoyar a los vecinos que tengan constante contacto con lugares\nde alta afluencia de personas. \u201cCreo que ha sido un trabajo muy positivo y una\nma\u00f1ana muy provechosa. Vamos a seguir acompa\u00f1ando a nuestros conductores y vamos\na seguir entregando mascarillas por parte de funcionarios, que es lo m\u00e1s\naconsejable desde el punto de vista del acompa\u00f1amiento para la gente del\ntransporte p\u00fablico\u201d.<\/p>\n\n\n\n<p>El edil aprovech\u00f3 la instancia\npara valorar y agradecer el comportamiento de la poblaci\u00f3n natalina, \u201cHoy d\u00eda\ntenemos cifras con seis casos positivos que se han mantenido durante los\n\u00faltimos d\u00edas, pero eso no es obra de la casualidad, eso es obra del trabajo que\nhemos realizado las instituciones, pero lo m\u00e1s importante es que la comunidad ha\nacogido de buena forma estas medidas, y creo que aqu\u00ed podemos mostrar como\ncomunidad que hemos sido capaces de poder&nbsp;\nsobrellevar y transitar por una emergencia sanitaria donde\nafortunadamente no tenemos aumento de casos positivos de coronavirus\u201d.<\/p>\n\n\n\n<p>En tanto, la enfermera del Cesfam\nde Puerto Natales, Ver\u00f3nica Caldelara, subray\u00f3 que es importante que todas las\npersonas tomen resguardos y usen mascarillas, destacando que al sostener sus\nmascarillas lo hagan desde los el\u00e1sticos o tiras para no contaminarla, y sin\nolvidar dejar el alambre en la parte superior del rostro. <\/p>\n\n\n\n<p>La entrega se replicar\u00e1 en\ndiversos puntos de alta afluencia de p\u00fablico dentro de la ciudad, tales como\nfilas de bancos, supermercados, farmacias y notar\u00eda. <\/p>\n\n\n\n<p>Todo est\u00e1 enmarcado en la campa\u00f1a\nde difusi\u00f3n y prevenci\u00f3n que est\u00e1 ejecutando la Municipalidad de Natales, la\nque busca mantener la baja tasa de contagios en la capital de la provincia de\n\u00daltima Esperanza.<\/p>\n","protected":false},"excerpt":{"rendered":"<p>Como una forma de reforzar la prevenci\u00f3n entre los ciudadanos, la Ilustre Municipalidad de Natales est\u00e1 realizando la entrega de recomendaciones y mascarillas en diversos puntos de la ciudad. La&#8230; <a class=\"read-more\" href=\"https:\/\/www.radiopresidenteibanez.cl\/web\/municipalidad-de-natales-refuerza-el-uso-de-mascarillas-para-ayudar-a-previnir-contagios-de-coronavirus\/\">Leer m\u00e1s<\/a><\/p>\n","protected":false},"author":2,"featured_media":11132,"comment_status":"closed","ping_status":"closed","sticky":false,"template":"","format":"standard","meta":{"footnotes":""},"categories":[1],"tags":[],"class_list":["post-11131","post","type-post","status-publish","format-standard","has-post-thumbnail","hentry","category-cronica"],"_links":{"self":[{"href":"https:\/\/www.radiopresidenteibanez.cl\/web\/wp-json\/wp\/v2\/posts\/11131","targetHints":{"allow":["GET"]}}],"collection":[{"href":"https:\/\/www.radiopresidenteibanez.cl\/web\/wp-json\/wp\/v2\/posts"}],"about":[{"href":"https:\/\/www.radiopresidenteibanez.cl\/web\/wp-json\/wp\/v2\/types\/post"}],"author":[{"embeddable":true,"href":"https:\/\/www.radiopresidenteibanez.cl\/web\/wp-json\/wp\/v2\/users\/2"}],"replies":[{"embeddable":true,"href":"https:\/\/www.radiopresidenteibanez.cl\/web\/wp-json\/wp\/v2\/comments?post=11131"}],"version-history":[{"count":0,"href":"https:\/\/www.radiopresidenteibanez.cl\/web\/wp-json\/wp\/v2\/posts\/11131\/revisions"}],"wp:featuredmedia":[{"embeddable":true,"href":"https:\/\/www.radiopresidenteibanez.cl\/web\/wp-json\/wp\/v2\/media\/11132"}],"wp:attachment":[{"href":"https:\/\/www.radiopresidenteibanez.cl\/web\/wp-json\/wp\/v2\/media?parent=11131"}],"wp:term":[{"taxonomy":"category","embeddable":true,"href":"https:\/\/www.radiopresidenteibanez.cl\/web\/wp-json\/wp\/v2\/categories?post=11131"},{"taxonomy":"post_tag","embeddable":true,"href":"https:\/\/www.radiopresidenteibanez.cl\/web\/wp-json\/wp\/v2\/tags?post=11131"}],"curies":[{"name":"wp","href":"https:\/\/api.w.org\/{rel}","templated":true}]}}