{"id":11128,"date":"2020-04-17T21:36:57","date_gmt":"2020-04-17T21:36:57","guid":{"rendered":"https:\/\/www.radiopresidenteibanez.cl\/web\/?p=11128"},"modified":"2020-04-17T21:37:01","modified_gmt":"2020-04-17T21:37:01","slug":"iva-brigada-aerea-se-despliega-al-servicio-de-la-region-de-magallanes-y-la-antartica-chilena-ante-emergencia-por-covid-19","status":"publish","type":"post","link":"https:\/\/www.radiopresidenteibanez.cl\/web\/iva-brigada-aerea-se-despliega-al-servicio-de-la-region-de-magallanes-y-la-antartica-chilena-ante-emergencia-por-covid-19\/","title":{"rendered":"IV\u00aa BRIGADA A\u00c9REA SE DESPLIEGA AL SERVICIO DE LA REGI\u00d3N DE MAGALLANES Y LA ANT\u00c1RTICA CHILENA ANTE EMERGENCIA POR COVID-19"},"content":{"rendered":"\n<p>Desde que\nse decret\u00f3 el Estado de Excepci\u00f3n Constitucional de Cat\u00e1strofe en el pa\u00eds, la\nFuerza A\u00e9rea de Chile, a trav\u00e9s de la IV\u00aa Brigada A\u00e9rea, ha prestado un apoyo\npermanente a las medidas sanitarias dispuestas en la Regi\u00f3n de Magallanes y la\nAnt\u00e1rtica Chilena, poniendo a disposici\u00f3n sus medios humanos y a\u00e9reos ante la\nemergencia por COVID-19.<\/p>\n\n\n\n<p>Tripulaciones\ndel Grupo de Aviaci\u00f3n N\u00b06 cumplen un rol fundamental en el traslado a\u00e9reo de\npersonal m\u00e9dico, insumos y muestras desde y hacia localidades m\u00e1s aisladas de\nla regi\u00f3n, como Puerto Williams y Porvenir, en aeronaves DHC-6 Twin Otter y\nhelic\u00f3ptero Bell-412, junto con realizar evacuaciones aerom\u00e9dicas y operaciones\nde b\u00fasqueda y salvamento a\u00e9reo.<\/p>\n\n\n\n<p>Asimismo,\npatrullas permanecen desplegadas las 24 horas del d\u00eda en diferentes puntos de\ncontrol en Punta Arenas, efectuando una incansable labor para dar cumplimiento\na las disposiciones sanitarias de cuarentena total y toque de queda, mediante\nla fiscalizaci\u00f3n de permisos y salvoconductos a las personas que transitan por\nla ciudad, de manera conjunta con Carabineros.<\/p>\n\n\n\n<p>Otra\nimportante labor desarrollada por personal de la IV\u00aa Brigada A\u00e9rea es el apoyo\na las aduanas sanitarias implementadas por la Secretar\u00eda Regional Ministerial\nde Salud en el aeropuerto Presidente Carlos Ib\u00e1\u00f1ez del Campo y en el sector de\nKon Aiken, efectuando controles de temperatura y fiscalizaci\u00f3n de permisos de\ndesplazamiento, respectivamente.<\/p>\n\n\n\n<p>La Unidad\ntambi\u00e9n colabora en fiscalizaciones domiciliarias a personas que deben cumplir\ncuarentena obligatoria en sus hogares, en la entrega de canastas a estudiantes\nbeneficiarios de la JUNAEB, y realiza patrullajes por el sector norte de la capital\nregional, en atenci\u00f3n a la restricci\u00f3n de venta de alcoholes y en apoyo a la\ncadena de abastecimiento.<\/p>\n\n\n\n<p>El\nComandante en Jefe de la IV\u00aa Brigada A\u00e9rea, General de Brigada A\u00e9rea (A)\nEduardo Mosqueira Cruz, explic\u00f3 que todas estas acciones se llevan a cabo bajo\nel mando de la Jefatura Nacional de la Defensa en la regi\u00f3n, a cargo del\nGeneral de Divisi\u00f3n Rodrigo Ventura Sancho.<\/p>\n","protected":false},"excerpt":{"rendered":"<p>Desde que se decret\u00f3 el Estado de Excepci\u00f3n Constitucional de Cat\u00e1strofe en el pa\u00eds, la Fuerza A\u00e9rea de Chile, a trav\u00e9s de la IV\u00aa Brigada A\u00e9rea, ha prestado un apoyo&#8230; <a class=\"read-more\" href=\"https:\/\/www.radiopresidenteibanez.cl\/web\/iva-brigada-aerea-se-despliega-al-servicio-de-la-region-de-magallanes-y-la-antartica-chilena-ante-emergencia-por-covid-19\/\">Leer m\u00e1s<\/a><\/p>\n","protected":false},"author":2,"featured_media":11129,"comment_status":"closed","ping_status":"closed","sticky":false,"template":"","format":"standard","meta":{"footnotes":""},"categories":[1],"tags":[],"class_list":["post-11128","post","type-post","status-publish","format-standard","has-post-thumbnail","hentry","category-cronica"],"_links":{"self":[{"href":"https:\/\/www.radiopresidenteibanez.cl\/web\/wp-json\/wp\/v2\/posts\/11128","targetHints":{"allow":["GET"]}}],"collection":[{"href":"https:\/\/www.radiopresidenteibanez.cl\/web\/wp-json\/wp\/v2\/posts"}],"about":[{"href":"https:\/\/www.radiopresidenteibanez.cl\/web\/wp-json\/wp\/v2\/types\/post"}],"author":[{"embeddable":true,"href":"https:\/\/www.radiopresidenteibanez.cl\/web\/wp-json\/wp\/v2\/users\/2"}],"replies":[{"embeddable":true,"href":"https:\/\/www.radiopresidenteibanez.cl\/web\/wp-json\/wp\/v2\/comments?post=11128"}],"version-history":[{"count":0,"href":"https:\/\/www.radiopresidenteibanez.cl\/web\/wp-json\/wp\/v2\/posts\/11128\/revisions"}],"wp:featuredmedia":[{"embeddable":true,"href":"https:\/\/www.radiopresidenteibanez.cl\/web\/wp-json\/wp\/v2\/media\/11129"}],"wp:attachment":[{"href":"https:\/\/www.radiopresidenteibanez.cl\/web\/wp-json\/wp\/v2\/media?parent=11128"}],"wp:term":[{"taxonomy":"category","embeddable":true,"href":"https:\/\/www.radiopresidenteibanez.cl\/web\/wp-json\/wp\/v2\/categories?post=11128"},{"taxonomy":"post_tag","embeddable":true,"href":"https:\/\/www.radiopresidenteibanez.cl\/web\/wp-json\/wp\/v2\/tags?post=11128"}],"curies":[{"name":"wp","href":"https:\/\/api.w.org\/{rel}","templated":true}]}}