{"id":11125,"date":"2020-04-17T21:30:49","date_gmt":"2020-04-17T21:30:49","guid":{"rendered":"https:\/\/www.radiopresidenteibanez.cl\/web\/?p=11125"},"modified":"2020-04-17T21:30:52","modified_gmt":"2020-04-17T21:30:52","slug":"minvu-prepara-entrega-de-32-viviendas-en-loteo-manuel-aguilar-para-familias-de-sectores-vulnerables","status":"publish","type":"post","link":"https:\/\/www.radiopresidenteibanez.cl\/web\/minvu-prepara-entrega-de-32-viviendas-en-loteo-manuel-aguilar-para-familias-de-sectores-vulnerables\/","title":{"rendered":"MINVU PREPARA ENTREGA DE 32 VIVIENDAS EN LOTEO MANUEL AGUILAR PARA FAMILIAS DE SECTORES VULNERABLES"},"content":{"rendered":"\n<p>En los pr\u00f3ximos d\u00edas, el Ministerio de Vivienda y\nUrbanismo entregar\u00e1 un nuevo conjunto habitacional de integraci\u00f3n social y\nterritorial en Punta Arenas. Se trata del loteo Manuel Aguilar ubicado en\navenida Circunvalaci\u00f3n con Manuel Aguilar, en el sector poniente de la ciudad.<\/p>\n\n\n\n<p>En primera instancia Serviu entregar\u00e1 las 32 viviendas\ncorrespondientes a beneficiarios de sectores vulnerables que obtienen su\nvivienda sin deuda, aplicando el subsidio del Fondo Solidario de Elecci\u00f3n de\nVivienda. En los d\u00edas siguientes, una vez que se desarrollen los procesos de\ncompra y tr\u00e1mites bancarios, los beneficiarios de sectores medios y emergentes\nque complementaron el subsidio DS 01 con cr\u00e9dito hipotecario, recibir\u00e1n las\nllaves de su nueva vivienda.<\/p>\n\n\n\n<p>Previo a la entrega, a solicitud del Servicio de\nVivienda y Urbanizaci\u00f3n, el alcalde de Punta Arenas Claudio Radonich gestion\u00f3\nla sanitizaci\u00f3n del loteo, que se est\u00e1 realizando con la colaboraci\u00f3n de Bomberos\nen el \u00e1rea exterior y de la empresa Control Agro Spa al interior de las\nviviendas. Proceso que se est\u00e1 llevando a cabo durante estos d\u00edas.<\/p>\n\n\n\n<p>El director de Serviu destac\u00f3 y agradeci\u00f3 la labor\n\u00abya que le estamos brindando una seguridad adicional a las familias, tan\nimportante en estos d\u00edas. Adem\u00e1s, cabe destacar el gran esfuerzo que estamos\nrealizando para cumplir con los beneficiarios. Estamos en cuarentena en nuestra\ncomuna y bajo estrictas medidas de resguardo, vamos a entregarles las llaves de\nsu vivienda para que puedan habitarla luego que hayamos entregados todo este\ngrupo de casas\u00bb.<\/p>\n","protected":false},"excerpt":{"rendered":"<p>En los pr\u00f3ximos d\u00edas, el Ministerio de Vivienda y Urbanismo entregar\u00e1 un nuevo conjunto habitacional de integraci\u00f3n social y territorial en Punta Arenas. Se trata del loteo Manuel Aguilar ubicado&#8230; <a class=\"read-more\" href=\"https:\/\/www.radiopresidenteibanez.cl\/web\/minvu-prepara-entrega-de-32-viviendas-en-loteo-manuel-aguilar-para-familias-de-sectores-vulnerables\/\">Leer m\u00e1s<\/a><\/p>\n","protected":false},"author":2,"featured_media":11126,"comment_status":"closed","ping_status":"closed","sticky":false,"template":"","format":"standard","meta":{"footnotes":""},"categories":[1],"tags":[],"class_list":["post-11125","post","type-post","status-publish","format-standard","has-post-thumbnail","hentry","category-cronica"],"_links":{"self":[{"href":"https:\/\/www.radiopresidenteibanez.cl\/web\/wp-json\/wp\/v2\/posts\/11125","targetHints":{"allow":["GET"]}}],"collection":[{"href":"https:\/\/www.radiopresidenteibanez.cl\/web\/wp-json\/wp\/v2\/posts"}],"about":[{"href":"https:\/\/www.radiopresidenteibanez.cl\/web\/wp-json\/wp\/v2\/types\/post"}],"author":[{"embeddable":true,"href":"https:\/\/www.radiopresidenteibanez.cl\/web\/wp-json\/wp\/v2\/users\/2"}],"replies":[{"embeddable":true,"href":"https:\/\/www.radiopresidenteibanez.cl\/web\/wp-json\/wp\/v2\/comments?post=11125"}],"version-history":[{"count":0,"href":"https:\/\/www.radiopresidenteibanez.cl\/web\/wp-json\/wp\/v2\/posts\/11125\/revisions"}],"wp:featuredmedia":[{"embeddable":true,"href":"https:\/\/www.radiopresidenteibanez.cl\/web\/wp-json\/wp\/v2\/media\/11126"}],"wp:attachment":[{"href":"https:\/\/www.radiopresidenteibanez.cl\/web\/wp-json\/wp\/v2\/media?parent=11125"}],"wp:term":[{"taxonomy":"category","embeddable":true,"href":"https:\/\/www.radiopresidenteibanez.cl\/web\/wp-json\/wp\/v2\/categories?post=11125"},{"taxonomy":"post_tag","embeddable":true,"href":"https:\/\/www.radiopresidenteibanez.cl\/web\/wp-json\/wp\/v2\/tags?post=11125"}],"curies":[{"name":"wp","href":"https:\/\/api.w.org\/{rel}","templated":true}]}}