{"id":11122,"date":"2020-04-17T21:27:24","date_gmt":"2020-04-17T21:27:24","guid":{"rendered":"https:\/\/www.radiopresidenteibanez.cl\/web\/?p=11122"},"modified":"2020-04-17T21:27:31","modified_gmt":"2020-04-17T21:27:31","slug":"mineduc-adelanta-entrega-de-122-mil-computadores-con-conexion-gratuita-a-internet-a-estudiantes-de-7-basico","status":"publish","type":"post","link":"https:\/\/www.radiopresidenteibanez.cl\/web\/mineduc-adelanta-entrega-de-122-mil-computadores-con-conexion-gratuita-a-internet-a-estudiantes-de-7-basico\/","title":{"rendered":"MINEDUC ADELANTA ENTREGA DE 122 MIL COMPUTADORES CON CONEXI\u00d3N GRATUITA A INTERNET A ESTUDIANTES DE 7\u00b0 B\u00c1SICO"},"content":{"rendered":"\n<p>El Ministerio de Educaci\u00f3n&nbsp;<strong>decidi\u00f3 adelantar en un mes la entrega de m\u00e1s 122 mil computadores<\/strong>&nbsp;destinados a estudiantes de 7\u00b0 b\u00e1sico de los establecimientos p\u00fablicos y particulares subvencionados m\u00e1s vulnerables del sistema educativo. El beneficio corresponde a las&nbsp;<strong>Becas TIC de Junaeb<\/strong>&nbsp;que consiste en la entrega gratuita de notebooks, los que tienen incorporados 50 programas educativos e incluyen&nbsp;<strong>11 meses de acceso sin costo a internet.<\/strong><\/p>\n\n\n\n<p>\u201cEn un esfuerzo importante como Ministerio, hemos podido adelantar en un mes la entrega de m\u00e1s 120 mil computadores con conexi\u00f3n a internet. Estamos conscientes que estos notebooks son muy esperados, porque en muchos casos pasan a ser el \u00fanico computador de todo el n\u00facleo familiar. Por ello tambi\u00e9n era importante para el Gobierno que llegar\u00e1n de forma anticipada a los hogares m\u00e1s vulnerables en momentos en que todo el pa\u00eds atraviesa momentos complejos\u201d, se\u00f1al\u00f3 el Ministro de Educaci\u00f3n,&nbsp;<strong>Ra\u00fal Figueroa.&nbsp; &nbsp;&nbsp;&nbsp;&nbsp;&nbsp;&nbsp;&nbsp;&nbsp;&nbsp;&nbsp;&nbsp;&nbsp;<br><br><\/strong>El total de notebooks a entregar en 2020 es de&nbsp;<strong>122.867<\/strong>; 96.595 unidades son para todos los estudiantes de 7\u00b0 b\u00e1sico de establecimientos p\u00fablicos y 26.272, est\u00e1n destinadas a alumnos del mismo curso de establecimientos particular subvencionados ubicados en el 40% m\u00e1s vulnerables, seg\u00fan el Registro Social de Hogares y que hayan tenido notas sobre 5,9 entre 4\u00b0 y 5\u00b0 b\u00e1sico.&nbsp;&nbsp;<br><br>El periodo de distribuci\u00f3n original estaba fijado del 18 de mayo al 15 de agosto,&nbsp;<strong>pero ahora ser\u00e1 desde 16 de abril al 15 de julio<\/strong>, cumpliendo las recomendaciones para evitar contagios por Covid-19. As\u00ed, la entrega se realizar\u00e1 en una \u00fanica actividad a nivel comunal siguiendo un protocolo sanitario que ser\u00e1 provisto por Junaeb, acorde a las directrices de la autoridad sanitaria. El lugar de la entrega se coordinar\u00e1 con cada municipalidad a lo largo de todo Chile y la convocatoria de los beneficiarios se realizar\u00e1 en horarios diferidos para evitar aglomeraciones.&nbsp; &nbsp;&nbsp;&nbsp;&nbsp;&nbsp;&nbsp;&nbsp;&nbsp;&nbsp;<br><br>El Programa de Becas TIC<strong>&nbsp;busca entregar herramientas complementarias de aprendizaje<\/strong>&nbsp;para que los estudiantes pueden ejercitar en todo momento lo aprendido en el colegio y sobre todo en este per\u00edodo de suspensi\u00f3n de clases, en el que el Ministerio de Educaci\u00f3n ha desarrollado distintas iniciativas como la implementaci\u00f3n de la plataforma&nbsp;<strong><a href=\"http:\/\/aprendoenlinea.mineduc.cl\/\" target=\"_blank\" rel=\"noreferrer noopener\">Aprendoenlinea.mineduc.cl<\/a><\/strong>. Sobre los notebooks, el Director Nacional de Junaeb, Jaime Toh\u00e1, explic\u00f3 que \u201cse trata de equipos ultraportables, con m\u00e1s de 50 recursos educativos instalados y con un a\u00f1o de conexi\u00f3n a Internet para que los alumnos se puedan desenvolver sin limitaciones de acceso a la informaci\u00f3n y ejercitar y complementar lo aprendido en la sala de clases\u201d.&nbsp; &nbsp;&nbsp;&nbsp;&nbsp;&nbsp;&nbsp;&nbsp;&nbsp;&nbsp;<br><br>Para conocer la aceptabilidad de estas becas tecnol\u00f3gicas, Junaeb realiz\u00f3 una encuesta a 2.856 beneficiarios (2016\u20132018): un 60% dijo que era el \u00fanico equipo de la familia; un 88%, que lo usaba para estudiar; y un 77%, que accedi\u00f3 a enciclopedias en l\u00ednea al menos una vez por semana.&nbsp; &nbsp;&nbsp;<br><strong>Estudiantes favorecidos:<\/strong>&nbsp; &nbsp;&nbsp;&nbsp;&nbsp;&nbsp;&nbsp;&nbsp;&nbsp;&nbsp;&nbsp;<br><br>Con la entrega de computadores de 2020,&nbsp;<strong>se supera el mill\u00f3n de estudiantes<\/strong>&nbsp;que han accedido a estas herramientas en los 11 a\u00f1os que lleva esta iniciativa del Gobierno (desde 2019 se fusion\u00f3 bajo el nombre de Becas TIC a los ex programas Yo Elijo mi PC y Me Conecto para Aprender).<\/p>\n","protected":false},"excerpt":{"rendered":"<p>El Ministerio de Educaci\u00f3n&nbsp;decidi\u00f3 adelantar en un mes la entrega de m\u00e1s 122 mil computadores&nbsp;destinados a estudiantes de 7\u00b0 b\u00e1sico de los establecimientos p\u00fablicos y particulares subvencionados m\u00e1s vulnerables del&#8230; <a class=\"read-more\" href=\"https:\/\/www.radiopresidenteibanez.cl\/web\/mineduc-adelanta-entrega-de-122-mil-computadores-con-conexion-gratuita-a-internet-a-estudiantes-de-7-basico\/\">Leer m\u00e1s<\/a><\/p>\n","protected":false},"author":2,"featured_media":11123,"comment_status":"closed","ping_status":"closed","sticky":false,"template":"","format":"standard","meta":{"footnotes":""},"categories":[1],"tags":[],"class_list":["post-11122","post","type-post","status-publish","format-standard","has-post-thumbnail","hentry","category-cronica"],"_links":{"self":[{"href":"https:\/\/www.radiopresidenteibanez.cl\/web\/wp-json\/wp\/v2\/posts\/11122","targetHints":{"allow":["GET"]}}],"collection":[{"href":"https:\/\/www.radiopresidenteibanez.cl\/web\/wp-json\/wp\/v2\/posts"}],"about":[{"href":"https:\/\/www.radiopresidenteibanez.cl\/web\/wp-json\/wp\/v2\/types\/post"}],"author":[{"embeddable":true,"href":"https:\/\/www.radiopresidenteibanez.cl\/web\/wp-json\/wp\/v2\/users\/2"}],"replies":[{"embeddable":true,"href":"https:\/\/www.radiopresidenteibanez.cl\/web\/wp-json\/wp\/v2\/comments?post=11122"}],"version-history":[{"count":0,"href":"https:\/\/www.radiopresidenteibanez.cl\/web\/wp-json\/wp\/v2\/posts\/11122\/revisions"}],"wp:featuredmedia":[{"embeddable":true,"href":"https:\/\/www.radiopresidenteibanez.cl\/web\/wp-json\/wp\/v2\/media\/11123"}],"wp:attachment":[{"href":"https:\/\/www.radiopresidenteibanez.cl\/web\/wp-json\/wp\/v2\/media?parent=11122"}],"wp:term":[{"taxonomy":"category","embeddable":true,"href":"https:\/\/www.radiopresidenteibanez.cl\/web\/wp-json\/wp\/v2\/categories?post=11122"},{"taxonomy":"post_tag","embeddable":true,"href":"https:\/\/www.radiopresidenteibanez.cl\/web\/wp-json\/wp\/v2\/tags?post=11122"}],"curies":[{"name":"wp","href":"https:\/\/api.w.org\/{rel}","templated":true}]}}